{"id":62817,"date":"2022-10-11T12:45:01","date_gmt":"2022-10-11T12:45:01","guid":{"rendered":"https:\/\/www.kaminakeskus.ee\/kaminasudamik-nordflam-alber\/"},"modified":"2022-10-11T12:47:38","modified_gmt":"2022-10-11T12:47:38","slug":"kaminasudamik-nordflam-alber","status":"publish","type":"post","link":"https:\/\/www.kaminakeskus.ee\/fi\/kaminasudamik-nordflam-alber\/","title":{"rendered":"Takkasyd\u00e4n Nordflam Alber"},"content":{"rendered":"<div id=\"attachment_62813\" style=\"width: 278px\" class=\"wp-caption alignnone\"><a href=\"https:\/\/www.kaminakeskus.ee\/wp-content\/uploads\/2022\/10\/kaminasydamik_nordflam_alber.jpg\"><img decoding=\"async\" aria-describedby=\"caption-attachment-62813\" class=\"wp-image-62813\" src=\"https:\/\/www.kaminakeskus.ee\/wp-content\/uploads\/2022\/10\/kaminasydamik_nordflam_alber-300x171.jpg\" alt=\"\" width=\"268\" height=\"153\" srcset=\"https:\/\/www.kaminakeskus.ee\/wp-content\/uploads\/2022\/10\/kaminasydamik_nordflam_alber-150x85.jpg 150w, https:\/\/www.kaminakeskus.ee\/wp-content\/uploads\/2022\/10\/kaminasydamik_nordflam_alber-200x114.jpg 200w, https:\/\/www.kaminakeskus.ee\/wp-content\/uploads\/2022\/10\/kaminasydamik_nordflam_alber-300x171.jpg 300w, https:\/\/www.kaminakeskus.ee\/wp-content\/uploads\/2022\/10\/kaminasydamik_nordflam_alber-400x228.jpg 400w, https:\/\/www.kaminakeskus.ee\/wp-content\/uploads\/2022\/10\/kaminasydamik_nordflam_alber-600x342.jpg 600w, https:\/\/www.kaminakeskus.ee\/wp-content\/uploads\/2022\/10\/kaminasydamik_nordflam_alber-768x437.jpg 768w, https:\/\/www.kaminakeskus.ee\/wp-content\/uploads\/2022\/10\/kaminasydamik_nordflam_alber-800x455.jpg 800w, https:\/\/www.kaminakeskus.ee\/wp-content\/uploads\/2022\/10\/kaminasydamik_nordflam_alber-1024x583.jpg 1024w, https:\/\/www.kaminakeskus.ee\/wp-content\/uploads\/2022\/10\/kaminasydamik_nordflam_alber.jpg 1200w\" sizes=\"(max-width: 268px) 100vw, 268px\" \/><\/a><p id=\"caption-attachment-62813\" class=\"wp-caption-text\">Takka tulisija Alber<\/p><\/div>\n<p><strong>Takka tulisija Alber<\/strong><br \/>\nTeho: 14 kw<br \/>\nKorkeus: 520\/697 mm<br \/>\nLeveys: 690 mm<br \/>\nSyvyys: 438+50 mm<br \/>\nPaino: 116 kg<br \/>\nSavupiipun halkaisija: 180 mm<br \/>\n<strong>Hinta: 545 EUR<\/strong><\/p>\n","protected":false},"excerpt":{"rendered":"<p>Takka tulisija Alber Teho: 14 kw Korkeus: 520\/697 mm Leveys:  [&#8230;]<\/p>\n","protected":false},"author":3,"featured_media":0,"comment_status":"closed","ping_status":"closed","sticky":false,"template":"","format":"standard","meta":{"footnotes":""},"categories":[1355,513],"tags":[],"class_list":["post-62817","post","type-post","status-publish","format-standard","hentry","category-takkasydamet","category-takkasydamet-nordflam"],"yoast_head":"<!-- This site is optimized with the Yoast SEO Premium plugin v27.5 (Yoast SEO v27.5) - https:\/\/yoast.com\/product\/yoast-seo-premium-wordpress\/ -->\n<title>Takkasyd\u00e4n Nordflam Alber - Kaminakeskus | Kaminad, Ahjud, Pliidid, Saunaahjud, Korstnad, Katlad<\/title>\n<meta name=\"robots\" content=\"index, follow, max-snippet:-1, max-image-preview:large, max-video-preview:-1\" \/>\n<link rel=\"canonical\" href=\"https:\/\/www.kaminakeskus.ee\/fi\/kaminasudamik-nordflam-alber\/\" \/>\n<meta property=\"og:locale\" content=\"fi_FI\" \/>\n<meta property=\"og:type\" content=\"article\" \/>\n<meta property=\"og:title\" content=\"Takkasyd\u00e4n Nordflam Alber - Kaminakeskus | Kaminad, Ahjud, Pliidid, Saunaahjud, Korstnad, Katlad\" \/>\n<meta property=\"og:description\" content=\"Takka tulisija Alber Teho: 14 kw Korkeus: 520\/697 mm Leveys: [...]\" \/>\n<meta property=\"og:url\" content=\"https:\/\/www.kaminakeskus.ee\/fi\/kaminasudamik-nordflam-alber\/\" \/>\n<meta property=\"og:site_name\" content=\"Kaminakeskus | Kaminad, Ahjud, Pliidid, Saunaahjud, Korstnad, Katlad\" \/>\n<meta property=\"article:publisher\" content=\"https:\/\/www.facebook.com\/kaminakeskus\/yoast\" \/>\n<meta property=\"article:published_time\" content=\"2022-10-11T12:45:01+00:00\" \/>\n<meta property=\"article:modified_time\" content=\"2022-10-11T12:47:38+00:00\" \/>\n<meta property=\"og:image\" content=\"https:\/\/www.kaminakeskus.ee\/wp-content\/uploads\/2022\/10\/kaminasydamik_nordflam_alber-300x171.jpg\" \/>\n<meta name=\"author\" content=\"Hannes Puu\" \/>\n<meta name=\"twitter:card\" content=\"summary_large_image\" \/>\n<meta name=\"twitter:label1\" content=\"Written by\" \/>\n\t<meta name=\"twitter:data1\" content=\"Hannes Puu\" \/>\n\t<meta name=\"twitter:label2\" content=\"Est. reading time\" \/>\n\t<meta name=\"twitter:data2\" content=\"1 minute\" \/>\n<script type=\"application\/ld+json\" class=\"yoast-schema-graph\">{\"@context\":\"https:\\\/\\\/schema.org\",\"@graph\":[{\"@type\":\"Article\",\"@id\":\"https:\\\/\\\/www.kaminakeskus.ee\\\/fi\\\/kaminasudamik-nordflam-alber\\\/#article\",\"isPartOf\":{\"@id\":\"https:\\\/\\\/www.kaminakeskus.ee\\\/fi\\\/kaminasudamik-nordflam-alber\\\/\"},\"author\":{\"name\":\"Hannes Puu\",\"@id\":\"https:\\\/\\\/www.kaminakeskus.ee\\\/fi\\\/#\\\/schema\\\/person\\\/360e594b62899a19144add9c1b52223a\"},\"headline\":\"Takkasyd\u00e4n Nordflam Alber\",\"datePublished\":\"2022-10-11T12:45:01+00:00\",\"dateModified\":\"2022-10-11T12:47:38+00:00\",\"mainEntityOfPage\":{\"@id\":\"https:\\\/\\\/www.kaminakeskus.ee\\\/fi\\\/kaminasudamik-nordflam-alber\\\/\"},\"wordCount\":32,\"publisher\":{\"@id\":\"https:\\\/\\\/www.kaminakeskus.ee\\\/fi\\\/#organization\"},\"image\":{\"@id\":\"https:\\\/\\\/www.kaminakeskus.ee\\\/fi\\\/kaminasudamik-nordflam-alber\\\/#primaryimage\"},\"thumbnailUrl\":\"https:\\\/\\\/www.kaminakeskus.ee\\\/wp-content\\\/uploads\\\/2022\\\/10\\\/kaminasydamik_nordflam_alber-300x171.jpg\",\"articleSection\":[\"Takkasyd\u00e4met\",\"Takkasyd\u00e4met Nordflam\"],\"inLanguage\":\"fi-FI\",\"copyrightYear\":\"2022\",\"copyrightHolder\":{\"@id\":\"https:\\\/\\\/www.kaminakeskus.ee\\\/#organization\"}},{\"@type\":\"WebPage\",\"@id\":\"https:\\\/\\\/www.kaminakeskus.ee\\\/fi\\\/kaminasudamik-nordflam-alber\\\/\",\"url\":\"https:\\\/\\\/www.kaminakeskus.ee\\\/fi\\\/kaminasudamik-nordflam-alber\\\/\",\"name\":\"Takkasyd\u00e4n Nordflam Alber - Kaminakeskus | Kaminad, Ahjud, Pliidid, Saunaahjud, Korstnad, Katlad\",\"isPartOf\":{\"@id\":\"https:\\\/\\\/www.kaminakeskus.ee\\\/fi\\\/#website\"},\"primaryImageOfPage\":{\"@id\":\"https:\\\/\\\/www.kaminakeskus.ee\\\/fi\\\/kaminasudamik-nordflam-alber\\\/#primaryimage\"},\"image\":{\"@id\":\"https:\\\/\\\/www.kaminakeskus.ee\\\/fi\\\/kaminasudamik-nordflam-alber\\\/#primaryimage\"},\"thumbnailUrl\":\"https:\\\/\\\/www.kaminakeskus.ee\\\/wp-content\\\/uploads\\\/2022\\\/10\\\/kaminasydamik_nordflam_alber-300x171.jpg\",\"datePublished\":\"2022-10-11T12:45:01+00:00\",\"dateModified\":\"2022-10-11T12:47:38+00:00\",\"breadcrumb\":{\"@id\":\"https:\\\/\\\/www.kaminakeskus.ee\\\/fi\\\/kaminasudamik-nordflam-alber\\\/#breadcrumb\"},\"inLanguage\":\"fi-FI\",\"potentialAction\":[{\"@type\":\"ReadAction\",\"target\":[\"https:\\\/\\\/www.kaminakeskus.ee\\\/fi\\\/kaminasudamik-nordflam-alber\\\/\"]}]},{\"@type\":\"ImageObject\",\"inLanguage\":\"fi-FI\",\"@id\":\"https:\\\/\\\/www.kaminakeskus.ee\\\/fi\\\/kaminasudamik-nordflam-alber\\\/#primaryimage\",\"url\":\"https:\\\/\\\/www.kaminakeskus.ee\\\/wp-content\\\/uploads\\\/2022\\\/10\\\/kaminasydamik_nordflam_alber-300x171.jpg\",\"contentUrl\":\"https:\\\/\\\/www.kaminakeskus.ee\\\/wp-content\\\/uploads\\\/2022\\\/10\\\/kaminasydamik_nordflam_alber-300x171.jpg\"},{\"@type\":\"BreadcrumbList\",\"@id\":\"https:\\\/\\\/www.kaminakeskus.ee\\\/fi\\\/kaminasudamik-nordflam-alber\\\/#breadcrumb\",\"itemListElement\":[{\"@type\":\"ListItem\",\"position\":1,\"name\":\"Home\",\"item\":\"https:\\\/\\\/www.kaminakeskus.ee\\\/fi\\\/\"},{\"@type\":\"ListItem\",\"position\":2,\"name\":\"Takkasyd\u00e4n Nordflam Alber\"}]},{\"@type\":\"WebSite\",\"@id\":\"https:\\\/\\\/www.kaminakeskus.ee\\\/fi\\\/#website\",\"url\":\"https:\\\/\\\/www.kaminakeskus.ee\\\/fi\\\/\",\"name\":\"Kaminakeskus | Kaminad, Ahjud, Pliidid, Saunaahjud, Korstnad, Korsten, Moodulkorsten, Katlad\",\"description\":\"Kamin Kaminad Ahi Ahjud Pliit Pliidid Korstnad Katlad\",\"publisher\":{\"@id\":\"https:\\\/\\\/www.kaminakeskus.ee\\\/fi\\\/#organization\"},\"potentialAction\":[{\"@type\":\"SearchAction\",\"target\":{\"@type\":\"EntryPoint\",\"urlTemplate\":\"https:\\\/\\\/www.kaminakeskus.ee\\\/fi\\\/?s={search_term_string}\"},\"query-input\":{\"@type\":\"PropertyValueSpecification\",\"valueRequired\":true,\"valueName\":\"search_term_string\"}}],\"inLanguage\":\"fi-FI\"},{\"@type\":[\"Organization\",\"Place\"],\"@id\":\"https:\\\/\\\/www.kaminakeskus.ee\\\/fi\\\/#organization\",\"name\":\"R\u00e4ndr\u00fc\u00fctel HP O\u00dc\",\"alternateName\":\"KaminaKeskus\",\"url\":\"https:\\\/\\\/www.kaminakeskus.ee\\\/\",\"logo\":{\"@type\":\"ImageObject\",\"inLanguage\":\"fi-FI\",\"@id\":\"https:\\\/\\\/www.kaminakeskus.ee\\\/fi\\\/#\\\/schema\\\/logo\\\/image\\\/\",\"url\":\"https:\\\/\\\/www.kaminakeskus.ee\\\/wp-content\\\/uploads\\\/2026\\\/02\\\/Kaminakeskus-logo-1-1.jpg\",\"contentUrl\":\"https:\\\/\\\/www.kaminakeskus.ee\\\/wp-content\\\/uploads\\\/2026\\\/02\\\/Kaminakeskus-logo-1-1.jpg\",\"width\":2068,\"height\":532,\"caption\":\"R\u00e4ndr\u00fc\u00fctel HP O\u00dc\"},\"image\":{\"@id\":\"https:\\\/\\\/www.kaminakeskus.ee\\\/fi\\\/#\\\/schema\\\/logo\\\/image\\\/\"},\"sameAs\":[\"https:\\\/\\\/www.facebook.com\\\/kaminakeskus\\\/yoast\"],\"description\":\"Sales of fireplaces, chimneys and related goods. Kaminate, ahjude, pliitide, korstnate ja nendega seotud toodete m\u00fc\u00fck.\",\"legalName\":\"R\u00e4ndr\u00fc\u00fctel HP O\u00dc\",\"foundingDate\":\"1997-05-13\",\"leiCode\":\"9845007FC4HB963C8D65\",\"numberOfEmployees\":{\"@type\":\"QuantitativeValue\",\"minValue\":\"1\",\"maxValue\":\"10\"},\"telephone\":[\"+372 5543239\",\"+372 58812360\"],\"contactPoint\":{\"@type\":\"ContactPoint\",\"telephone\":\"+372 5543239\",\"email\":\"kaminakeskus@gmail.com\"},\"email\":\"kaminakeskus@gmail.com\",\"vatID\":\"EE100831739\",\"taxID\":\"10208374\"},{\"@type\":\"Person\",\"@id\":\"https:\\\/\\\/www.kaminakeskus.ee\\\/fi\\\/#\\\/schema\\\/person\\\/360e594b62899a19144add9c1b52223a\",\"name\":\"Hannes Puu\",\"image\":{\"@type\":\"ImageObject\",\"inLanguage\":\"fi-FI\",\"@id\":\"https:\\\/\\\/secure.gravatar.com\\\/avatar\\\/b66148e304070f9a285de3d83f91b79224ed0f2b2026921db92893d72ecc95eb?s=96&d=mm&r=g\",\"url\":\"https:\\\/\\\/secure.gravatar.com\\\/avatar\\\/b66148e304070f9a285de3d83f91b79224ed0f2b2026921db92893d72ecc95eb?s=96&d=mm&r=g\",\"contentUrl\":\"https:\\\/\\\/secure.gravatar.com\\\/avatar\\\/b66148e304070f9a285de3d83f91b79224ed0f2b2026921db92893d72ecc95eb?s=96&d=mm&r=g\",\"caption\":\"Hannes Puu\"},\"sameAs\":[\"http:\\\/\\\/www.kaminakeskus.ee\"]}]}<\/script>\n<!-- \/ Yoast SEO Premium plugin. -->","yoast_head_json":{"title":"Takkasyd\u00e4n Nordflam Alber - Kaminakeskus | Kaminad, Ahjud, Pliidid, Saunaahjud, Korstnad, Katlad","robots":{"index":"index","follow":"follow","max-snippet":"max-snippet:-1","max-image-preview":"max-image-preview:large","max-video-preview":"max-video-preview:-1"},"canonical":"https:\/\/www.kaminakeskus.ee\/fi\/kaminasudamik-nordflam-alber\/","og_locale":"fi_FI","og_type":"article","og_title":"Takkasyd\u00e4n Nordflam Alber - Kaminakeskus | Kaminad, Ahjud, Pliidid, Saunaahjud, Korstnad, Katlad","og_description":"Takka tulisija Alber Teho: 14 kw Korkeus: 520\/697 mm Leveys: [...]","og_url":"https:\/\/www.kaminakeskus.ee\/fi\/kaminasudamik-nordflam-alber\/","og_site_name":"Kaminakeskus | Kaminad, Ahjud, Pliidid, Saunaahjud, Korstnad, Katlad","article_publisher":"https:\/\/www.facebook.com\/kaminakeskus\/yoast","article_published_time":"2022-10-11T12:45:01+00:00","article_modified_time":"2022-10-11T12:47:38+00:00","og_image":[{"url":"https:\/\/www.kaminakeskus.ee\/wp-content\/uploads\/2022\/10\/kaminasydamik_nordflam_alber-300x171.jpg","type":"","width":"","height":""}],"author":"Hannes Puu","twitter_card":"summary_large_image","twitter_misc":{"Written by":"Hannes Puu","Est. reading time":"1 minute"},"schema":{"@context":"https:\/\/schema.org","@graph":[{"@type":"Article","@id":"https:\/\/www.kaminakeskus.ee\/fi\/kaminasudamik-nordflam-alber\/#article","isPartOf":{"@id":"https:\/\/www.kaminakeskus.ee\/fi\/kaminasudamik-nordflam-alber\/"},"author":{"name":"Hannes Puu","@id":"https:\/\/www.kaminakeskus.ee\/fi\/#\/schema\/person\/360e594b62899a19144add9c1b52223a"},"headline":"Takkasyd\u00e4n Nordflam Alber","datePublished":"2022-10-11T12:45:01+00:00","dateModified":"2022-10-11T12:47:38+00:00","mainEntityOfPage":{"@id":"https:\/\/www.kaminakeskus.ee\/fi\/kaminasudamik-nordflam-alber\/"},"wordCount":32,"publisher":{"@id":"https:\/\/www.kaminakeskus.ee\/fi\/#organization"},"image":{"@id":"https:\/\/www.kaminakeskus.ee\/fi\/kaminasudamik-nordflam-alber\/#primaryimage"},"thumbnailUrl":"https:\/\/www.kaminakeskus.ee\/wp-content\/uploads\/2022\/10\/kaminasydamik_nordflam_alber-300x171.jpg","articleSection":["Takkasyd\u00e4met","Takkasyd\u00e4met Nordflam"],"inLanguage":"fi-FI","copyrightYear":"2022","copyrightHolder":{"@id":"https:\/\/www.kaminakeskus.ee\/#organization"}},{"@type":"WebPage","@id":"https:\/\/www.kaminakeskus.ee\/fi\/kaminasudamik-nordflam-alber\/","url":"https:\/\/www.kaminakeskus.ee\/fi\/kaminasudamik-nordflam-alber\/","name":"Takkasyd\u00e4n Nordflam Alber - Kaminakeskus | Kaminad, Ahjud, Pliidid, Saunaahjud, Korstnad, Katlad","isPartOf":{"@id":"https:\/\/www.kaminakeskus.ee\/fi\/#website"},"primaryImageOfPage":{"@id":"https:\/\/www.kaminakeskus.ee\/fi\/kaminasudamik-nordflam-alber\/#primaryimage"},"image":{"@id":"https:\/\/www.kaminakeskus.ee\/fi\/kaminasudamik-nordflam-alber\/#primaryimage"},"thumbnailUrl":"https:\/\/www.kaminakeskus.ee\/wp-content\/uploads\/2022\/10\/kaminasydamik_nordflam_alber-300x171.jpg","datePublished":"2022-10-11T12:45:01+00:00","dateModified":"2022-10-11T12:47:38+00:00","breadcrumb":{"@id":"https:\/\/www.kaminakeskus.ee\/fi\/kaminasudamik-nordflam-alber\/#breadcrumb"},"inLanguage":"fi-FI","potentialAction":[{"@type":"ReadAction","target":["https:\/\/www.kaminakeskus.ee\/fi\/kaminasudamik-nordflam-alber\/"]}]},{"@type":"ImageObject","inLanguage":"fi-FI","@id":"https:\/\/www.kaminakeskus.ee\/fi\/kaminasudamik-nordflam-alber\/#primaryimage","url":"https:\/\/www.kaminakeskus.ee\/wp-content\/uploads\/2022\/10\/kaminasydamik_nordflam_alber-300x171.jpg","contentUrl":"https:\/\/www.kaminakeskus.ee\/wp-content\/uploads\/2022\/10\/kaminasydamik_nordflam_alber-300x171.jpg"},{"@type":"BreadcrumbList","@id":"https:\/\/www.kaminakeskus.ee\/fi\/kaminasudamik-nordflam-alber\/#breadcrumb","itemListElement":[{"@type":"ListItem","position":1,"name":"Home","item":"https:\/\/www.kaminakeskus.ee\/fi\/"},{"@type":"ListItem","position":2,"name":"Takkasyd\u00e4n Nordflam Alber"}]},{"@type":"WebSite","@id":"https:\/\/www.kaminakeskus.ee\/fi\/#website","url":"https:\/\/www.kaminakeskus.ee\/fi\/","name":"Kaminakeskus | Kaminad, Ahjud, Pliidid, Saunaahjud, Korstnad, Korsten, Moodulkorsten, Katlad","description":"Kamin Kaminad Ahi Ahjud Pliit Pliidid Korstnad Katlad","publisher":{"@id":"https:\/\/www.kaminakeskus.ee\/fi\/#organization"},"potentialAction":[{"@type":"SearchAction","target":{"@type":"EntryPoint","urlTemplate":"https:\/\/www.kaminakeskus.ee\/fi\/?s={search_term_string}"},"query-input":{"@type":"PropertyValueSpecification","valueRequired":true,"valueName":"search_term_string"}}],"inLanguage":"fi-FI"},{"@type":["Organization","Place"],"@id":"https:\/\/www.kaminakeskus.ee\/fi\/#organization","name":"R\u00e4ndr\u00fc\u00fctel HP O\u00dc","alternateName":"KaminaKeskus","url":"https:\/\/www.kaminakeskus.ee\/","logo":{"@type":"ImageObject","inLanguage":"fi-FI","@id":"https:\/\/www.kaminakeskus.ee\/fi\/#\/schema\/logo\/image\/","url":"https:\/\/www.kaminakeskus.ee\/wp-content\/uploads\/2026\/02\/Kaminakeskus-logo-1-1.jpg","contentUrl":"https:\/\/www.kaminakeskus.ee\/wp-content\/uploads\/2026\/02\/Kaminakeskus-logo-1-1.jpg","width":2068,"height":532,"caption":"R\u00e4ndr\u00fc\u00fctel HP O\u00dc"},"image":{"@id":"https:\/\/www.kaminakeskus.ee\/fi\/#\/schema\/logo\/image\/"},"sameAs":["https:\/\/www.facebook.com\/kaminakeskus\/yoast"],"description":"Sales of fireplaces, chimneys and related goods. Kaminate, ahjude, pliitide, korstnate ja nendega seotud toodete m\u00fc\u00fck.","legalName":"R\u00e4ndr\u00fc\u00fctel HP O\u00dc","foundingDate":"1997-05-13","leiCode":"9845007FC4HB963C8D65","numberOfEmployees":{"@type":"QuantitativeValue","minValue":"1","maxValue":"10"},"telephone":["+372 5543239","+372 58812360"],"contactPoint":{"@type":"ContactPoint","telephone":"+372 5543239","email":"kaminakeskus@gmail.com"},"email":"kaminakeskus@gmail.com","vatID":"EE100831739","taxID":"10208374"},{"@type":"Person","@id":"https:\/\/www.kaminakeskus.ee\/fi\/#\/schema\/person\/360e594b62899a19144add9c1b52223a","name":"Hannes Puu","image":{"@type":"ImageObject","inLanguage":"fi-FI","@id":"https:\/\/secure.gravatar.com\/avatar\/b66148e304070f9a285de3d83f91b79224ed0f2b2026921db92893d72ecc95eb?s=96&d=mm&r=g","url":"https:\/\/secure.gravatar.com\/avatar\/b66148e304070f9a285de3d83f91b79224ed0f2b2026921db92893d72ecc95eb?s=96&d=mm&r=g","contentUrl":"https:\/\/secure.gravatar.com\/avatar\/b66148e304070f9a285de3d83f91b79224ed0f2b2026921db92893d72ecc95eb?s=96&d=mm&r=g","caption":"Hannes Puu"},"sameAs":["http:\/\/www.kaminakeskus.ee"]}]}},"_links":{"self":[{"href":"https:\/\/www.kaminakeskus.ee\/fi\/wp-json\/wp\/v2\/posts\/62817","targetHints":{"allow":["GET"]}}],"collection":[{"href":"https:\/\/www.kaminakeskus.ee\/fi\/wp-json\/wp\/v2\/posts"}],"about":[{"href":"https:\/\/www.kaminakeskus.ee\/fi\/wp-json\/wp\/v2\/types\/post"}],"author":[{"embeddable":true,"href":"https:\/\/www.kaminakeskus.ee\/fi\/wp-json\/wp\/v2\/users\/3"}],"replies":[{"embeddable":true,"href":"https:\/\/www.kaminakeskus.ee\/fi\/wp-json\/wp\/v2\/comments?post=62817"}],"version-history":[{"count":2,"href":"https:\/\/www.kaminakeskus.ee\/fi\/wp-json\/wp\/v2\/posts\/62817\/revisions"}],"predecessor-version":[{"id":62823,"href":"https:\/\/www.kaminakeskus.ee\/fi\/wp-json\/wp\/v2\/posts\/62817\/revisions\/62823"}],"wp:attachment":[{"href":"https:\/\/www.kaminakeskus.ee\/fi\/wp-json\/wp\/v2\/media?parent=62817"}],"wp:term":[{"taxonomy":"category","embeddable":true,"href":"https:\/\/www.kaminakeskus.ee\/fi\/wp-json\/wp\/v2\/categories?post=62817"},{"taxonomy":"post_tag","embeddable":true,"href":"https:\/\/www.kaminakeskus.ee\/fi\/wp-json\/wp\/v2\/tags?post=62817"}],"curies":[{"name":"wp","href":"https:\/\/api.w.org\/{rel}","templated":true}]}}