{"id":64119,"date":"2022-12-30T11:49:01","date_gmt":"2022-12-30T11:49:01","guid":{"rendered":"https:\/\/www.kaminakeskus.ee\/pelletkamin-montegan-ac11\/"},"modified":"2025-03-18T14:08:01","modified_gmt":"2025-03-18T14:08:01","slug":"pelletikamin-montegan-ac11","status":"publish","type":"post","link":"https:\/\/www.kaminakeskus.ee\/fi\/pelletikamin-montegan-ac11\/","title":{"rendered":"Pelletikamin Montegan AC11"},"content":{"rendered":"<div id=\"attachment_80227\" style=\"width: 117px\" class=\"wp-caption aligncenter\"><a href=\"https:\/\/www.kaminakeskus.ee\/wp-content\/uploads\/2022\/12\/pelletkamin-montegan_AC11_punane-107x150.webp\"><img decoding=\"async\" aria-describedby=\"caption-attachment-80227\" class=\"size-thumbnail wp-image-80227\" src=\"https:\/\/www.kaminakeskus.ee\/wp-content\/uploads\/2022\/12\/pelletkamin-montegan_AC11_punane-107x150.webp\" alt=\"\" width=\"107\" height=\"150\" srcset=\"https:\/\/www.kaminakeskus.ee\/wp-content\/uploads\/2022\/12\/pelletkamin-montegan_AC11_punane-107x150.webp 107w, https:\/\/www.kaminakeskus.ee\/wp-content\/uploads\/2022\/12\/pelletkamin-montegan_AC11_punane-200x280.webp 200w, https:\/\/www.kaminakeskus.ee\/wp-content\/uploads\/2022\/12\/pelletkamin-montegan_AC11_punane-214x300.webp 214w, https:\/\/www.kaminakeskus.ee\/wp-content\/uploads\/2022\/12\/pelletkamin-montegan_AC11_punane-400x560.webp 400w, https:\/\/www.kaminakeskus.ee\/wp-content\/uploads\/2022\/12\/pelletkamin-montegan_AC11_punane-600x840.webp 600w, https:\/\/www.kaminakeskus.ee\/wp-content\/uploads\/2022\/12\/pelletkamin-montegan_AC11_punane-731x1024.webp 731w, https:\/\/www.kaminakeskus.ee\/wp-content\/uploads\/2022\/12\/pelletkamin-montegan_AC11_punane-768x1075.webp 768w, https:\/\/www.kaminakeskus.ee\/wp-content\/uploads\/2022\/12\/pelletkamin-montegan_AC11_punane-800x1120.webp 800w, https:\/\/www.kaminakeskus.ee\/wp-content\/uploads\/2022\/12\/pelletkamin-montegan_AC11_punane.webp 1000w\" sizes=\"(max-width: 107px) 100vw, 107px\" \/><\/a><p id=\"caption-attachment-80227\" class=\"wp-caption-text\"><a href=\"https:\/\/www.montegan.it\/en\/prodotto\/ac11\/\"><strong>Pelletikamin Montegan AC11<\/strong><\/a><\/p><\/div>\n<p style=\"text-align: center;\"><strong>Sooja salvestav\u00a0<\/strong><br \/>\nV\u00f5imsus: 4,5-10 kW<br \/>\nKulu:0,9-2,3 kg\/h<br \/>\nK\u00f5rgus: 1287 mm<br \/>\nLaius: 625 mm<br \/>\nS\u00fcgavus: 594 mm<br \/>\nKaal: 380kg<br \/>\nPelleti mahuti: 22kg<br \/>\nV\u00e4rv:Pruun; punane<\/p>\n","protected":false},"excerpt":{"rendered":"<p>Sooja salvestav\u00a0 V\u00f5imsus: 4,5-10 kW Kulu:0,9-2,3 kg\/h K\u00f5rgus: 1287 mm  [&#8230;]<\/p>\n","protected":false},"author":3,"featured_media":0,"comment_status":"closed","ping_status":"closed","sticky":false,"template":"","format":"standard","meta":{"footnotes":""},"categories":[1893,1319],"tags":[],"class_list":["post-64119","post","type-post","status-publish","format-standard","hentry","category-pelletikaminad-montegan-fi","category-pellettitakat-fi"],"yoast_head":"<!-- This site is optimized with the Yoast SEO Premium plugin v27.5 (Yoast SEO v27.5) - https:\/\/yoast.com\/product\/yoast-seo-premium-wordpress\/ -->\n<title>Pelletikamin Montegan AC11 - Kaminakeskus | Kaminad, Ahjud, Pliidid, Saunaahjud, Korstnad, Katlad<\/title>\n<meta name=\"robots\" content=\"index, follow, max-snippet:-1, max-image-preview:large, max-video-preview:-1\" \/>\n<link rel=\"canonical\" href=\"https:\/\/www.kaminakeskus.ee\/fi\/pelletikamin-montegan-ac11\/\" \/>\n<meta property=\"og:locale\" content=\"fi_FI\" \/>\n<meta property=\"og:type\" content=\"article\" \/>\n<meta property=\"og:title\" content=\"Pelletikamin Montegan AC11 - Kaminakeskus | Kaminad, Ahjud, Pliidid, Saunaahjud, Korstnad, Katlad\" \/>\n<meta property=\"og:description\" content=\"Sooja salvestav\u00a0 V\u00f5imsus: 4,5-10 kW Kulu:0,9-2,3 kg\/h K\u00f5rgus: 1287 mm [...]\" \/>\n<meta property=\"og:url\" content=\"https:\/\/www.kaminakeskus.ee\/fi\/pelletikamin-montegan-ac11\/\" \/>\n<meta property=\"og:site_name\" content=\"Kaminakeskus | Kaminad, Ahjud, Pliidid, Saunaahjud, Korstnad, Katlad\" \/>\n<meta property=\"article:publisher\" content=\"https:\/\/www.facebook.com\/kaminakeskus\/yoast\" \/>\n<meta property=\"article:published_time\" content=\"2022-12-30T11:49:01+00:00\" \/>\n<meta property=\"article:modified_time\" content=\"2025-03-18T14:08:01+00:00\" \/>\n<meta property=\"og:image\" content=\"https:\/\/www.kaminakeskus.ee\/wp-content\/uploads\/2022\/12\/pelletkamin-montegan_AC11_punane.webp\" \/>\n\t<meta property=\"og:image:width\" content=\"1000\" \/>\n\t<meta property=\"og:image:height\" content=\"1400\" \/>\n\t<meta property=\"og:image:type\" content=\"image\/webp\" \/>\n<meta name=\"author\" content=\"Hannes Puu\" \/>\n<meta name=\"twitter:card\" content=\"summary_large_image\" \/>\n<meta name=\"twitter:label1\" content=\"Written by\" \/>\n\t<meta name=\"twitter:data1\" content=\"Hannes Puu\" \/>\n\t<meta name=\"twitter:label2\" content=\"Est. reading time\" \/>\n\t<meta name=\"twitter:data2\" content=\"1 minute\" \/>\n<script type=\"application\/ld+json\" class=\"yoast-schema-graph\">{\"@context\":\"https:\\\/\\\/schema.org\",\"@graph\":[{\"@type\":\"Article\",\"@id\":\"https:\\\/\\\/www.kaminakeskus.ee\\\/fi\\\/pelletikamin-montegan-ac11\\\/#article\",\"isPartOf\":{\"@id\":\"https:\\\/\\\/www.kaminakeskus.ee\\\/fi\\\/pelletikamin-montegan-ac11\\\/\"},\"author\":{\"name\":\"Hannes Puu\",\"@id\":\"https:\\\/\\\/www.kaminakeskus.ee\\\/fi\\\/#\\\/schema\\\/person\\\/360e594b62899a19144add9c1b52223a\"},\"headline\":\"Pelletikamin Montegan AC11\",\"datePublished\":\"2022-12-30T11:49:01+00:00\",\"dateModified\":\"2025-03-18T14:08:01+00:00\",\"mainEntityOfPage\":{\"@id\":\"https:\\\/\\\/www.kaminakeskus.ee\\\/fi\\\/pelletikamin-montegan-ac11\\\/\"},\"wordCount\":40,\"publisher\":{\"@id\":\"https:\\\/\\\/www.kaminakeskus.ee\\\/fi\\\/#organization\"},\"image\":{\"@id\":\"https:\\\/\\\/www.kaminakeskus.ee\\\/fi\\\/pelletikamin-montegan-ac11\\\/#primaryimage\"},\"thumbnailUrl\":\"https:\\\/\\\/www.kaminakeskus.ee\\\/wp-content\\\/uploads\\\/2022\\\/12\\\/pelletkamin-montegan_AC11_punane-107x150.webp\",\"articleSection\":[\"Pelletikaminad Montegan\",\"Pellettitakat\"],\"inLanguage\":\"fi-FI\",\"copyrightYear\":\"2022\",\"copyrightHolder\":{\"@id\":\"https:\\\/\\\/www.kaminakeskus.ee\\\/#organization\"}},{\"@type\":\"WebPage\",\"@id\":\"https:\\\/\\\/www.kaminakeskus.ee\\\/fi\\\/pelletikamin-montegan-ac11\\\/\",\"url\":\"https:\\\/\\\/www.kaminakeskus.ee\\\/fi\\\/pelletikamin-montegan-ac11\\\/\",\"name\":\"Pelletikamin Montegan AC11 - Kaminakeskus | Kaminad, Ahjud, Pliidid, Saunaahjud, Korstnad, Katlad\",\"isPartOf\":{\"@id\":\"https:\\\/\\\/www.kaminakeskus.ee\\\/fi\\\/#website\"},\"primaryImageOfPage\":{\"@id\":\"https:\\\/\\\/www.kaminakeskus.ee\\\/fi\\\/pelletikamin-montegan-ac11\\\/#primaryimage\"},\"image\":{\"@id\":\"https:\\\/\\\/www.kaminakeskus.ee\\\/fi\\\/pelletikamin-montegan-ac11\\\/#primaryimage\"},\"thumbnailUrl\":\"https:\\\/\\\/www.kaminakeskus.ee\\\/wp-content\\\/uploads\\\/2022\\\/12\\\/pelletkamin-montegan_AC11_punane-107x150.webp\",\"datePublished\":\"2022-12-30T11:49:01+00:00\",\"dateModified\":\"2025-03-18T14:08:01+00:00\",\"breadcrumb\":{\"@id\":\"https:\\\/\\\/www.kaminakeskus.ee\\\/fi\\\/pelletikamin-montegan-ac11\\\/#breadcrumb\"},\"inLanguage\":\"fi-FI\",\"potentialAction\":[{\"@type\":\"ReadAction\",\"target\":[\"https:\\\/\\\/www.kaminakeskus.ee\\\/fi\\\/pelletikamin-montegan-ac11\\\/\"]}]},{\"@type\":\"ImageObject\",\"inLanguage\":\"fi-FI\",\"@id\":\"https:\\\/\\\/www.kaminakeskus.ee\\\/fi\\\/pelletikamin-montegan-ac11\\\/#primaryimage\",\"url\":\"https:\\\/\\\/www.kaminakeskus.ee\\\/wp-content\\\/uploads\\\/2022\\\/12\\\/pelletkamin-montegan_AC11_punane-107x150.webp\",\"contentUrl\":\"https:\\\/\\\/www.kaminakeskus.ee\\\/wp-content\\\/uploads\\\/2022\\\/12\\\/pelletkamin-montegan_AC11_punane-107x150.webp\"},{\"@type\":\"BreadcrumbList\",\"@id\":\"https:\\\/\\\/www.kaminakeskus.ee\\\/fi\\\/pelletikamin-montegan-ac11\\\/#breadcrumb\",\"itemListElement\":[{\"@type\":\"ListItem\",\"position\":1,\"name\":\"Home\",\"item\":\"https:\\\/\\\/www.kaminakeskus.ee\\\/fi\\\/\"},{\"@type\":\"ListItem\",\"position\":2,\"name\":\"Pelletikamin Montegan AC11\"}]},{\"@type\":\"WebSite\",\"@id\":\"https:\\\/\\\/www.kaminakeskus.ee\\\/fi\\\/#website\",\"url\":\"https:\\\/\\\/www.kaminakeskus.ee\\\/fi\\\/\",\"name\":\"Kaminakeskus | Kaminad, Ahjud, Pliidid, Saunaahjud, Korstnad, Korsten, Moodulkorsten, Katlad\",\"description\":\"Kamin Kaminad Ahi Ahjud Pliit Pliidid Korstnad Katlad\",\"publisher\":{\"@id\":\"https:\\\/\\\/www.kaminakeskus.ee\\\/fi\\\/#organization\"},\"potentialAction\":[{\"@type\":\"SearchAction\",\"target\":{\"@type\":\"EntryPoint\",\"urlTemplate\":\"https:\\\/\\\/www.kaminakeskus.ee\\\/fi\\\/?s={search_term_string}\"},\"query-input\":{\"@type\":\"PropertyValueSpecification\",\"valueRequired\":true,\"valueName\":\"search_term_string\"}}],\"inLanguage\":\"fi-FI\"},{\"@type\":[\"Organization\",\"Place\"],\"@id\":\"https:\\\/\\\/www.kaminakeskus.ee\\\/fi\\\/#organization\",\"name\":\"R\u00e4ndr\u00fc\u00fctel HP O\u00dc\",\"alternateName\":\"KaminaKeskus\",\"url\":\"https:\\\/\\\/www.kaminakeskus.ee\\\/\",\"logo\":{\"@type\":\"ImageObject\",\"inLanguage\":\"fi-FI\",\"@id\":\"https:\\\/\\\/www.kaminakeskus.ee\\\/fi\\\/#\\\/schema\\\/logo\\\/image\\\/\",\"url\":\"https:\\\/\\\/www.kaminakeskus.ee\\\/wp-content\\\/uploads\\\/2026\\\/02\\\/Kaminakeskus-logo-1-1.jpg\",\"contentUrl\":\"https:\\\/\\\/www.kaminakeskus.ee\\\/wp-content\\\/uploads\\\/2026\\\/02\\\/Kaminakeskus-logo-1-1.jpg\",\"width\":2068,\"height\":532,\"caption\":\"R\u00e4ndr\u00fc\u00fctel HP O\u00dc\"},\"image\":{\"@id\":\"https:\\\/\\\/www.kaminakeskus.ee\\\/fi\\\/#\\\/schema\\\/logo\\\/image\\\/\"},\"sameAs\":[\"https:\\\/\\\/www.facebook.com\\\/kaminakeskus\\\/yoast\"],\"description\":\"Sales of fireplaces, chimneys and related goods. Kaminate, ahjude, pliitide, korstnate ja nendega seotud toodete m\u00fc\u00fck.\",\"legalName\":\"R\u00e4ndr\u00fc\u00fctel HP O\u00dc\",\"foundingDate\":\"1997-05-13\",\"leiCode\":\"9845007FC4HB963C8D65\",\"numberOfEmployees\":{\"@type\":\"QuantitativeValue\",\"minValue\":\"1\",\"maxValue\":\"10\"},\"telephone\":[\"+372 5543239\",\"+372 58812360\"],\"contactPoint\":{\"@type\":\"ContactPoint\",\"telephone\":\"+372 5543239\",\"email\":\"kaminakeskus@gmail.com\"},\"email\":\"kaminakeskus@gmail.com\",\"vatID\":\"EE100831739\",\"taxID\":\"10208374\"},{\"@type\":\"Person\",\"@id\":\"https:\\\/\\\/www.kaminakeskus.ee\\\/fi\\\/#\\\/schema\\\/person\\\/360e594b62899a19144add9c1b52223a\",\"name\":\"Hannes Puu\",\"image\":{\"@type\":\"ImageObject\",\"inLanguage\":\"fi-FI\",\"@id\":\"https:\\\/\\\/secure.gravatar.com\\\/avatar\\\/b66148e304070f9a285de3d83f91b79224ed0f2b2026921db92893d72ecc95eb?s=96&d=mm&r=g\",\"url\":\"https:\\\/\\\/secure.gravatar.com\\\/avatar\\\/b66148e304070f9a285de3d83f91b79224ed0f2b2026921db92893d72ecc95eb?s=96&d=mm&r=g\",\"contentUrl\":\"https:\\\/\\\/secure.gravatar.com\\\/avatar\\\/b66148e304070f9a285de3d83f91b79224ed0f2b2026921db92893d72ecc95eb?s=96&d=mm&r=g\",\"caption\":\"Hannes Puu\"},\"sameAs\":[\"http:\\\/\\\/www.kaminakeskus.ee\"]}]}<\/script>\n<!-- \/ Yoast SEO Premium plugin. -->","yoast_head_json":{"title":"Pelletikamin Montegan AC11 - Kaminakeskus | Kaminad, Ahjud, Pliidid, Saunaahjud, Korstnad, Katlad","robots":{"index":"index","follow":"follow","max-snippet":"max-snippet:-1","max-image-preview":"max-image-preview:large","max-video-preview":"max-video-preview:-1"},"canonical":"https:\/\/www.kaminakeskus.ee\/fi\/pelletikamin-montegan-ac11\/","og_locale":"fi_FI","og_type":"article","og_title":"Pelletikamin Montegan AC11 - Kaminakeskus | Kaminad, Ahjud, Pliidid, Saunaahjud, Korstnad, Katlad","og_description":"Sooja salvestav\u00a0 V\u00f5imsus: 4,5-10 kW Kulu:0,9-2,3 kg\/h K\u00f5rgus: 1287 mm [...]","og_url":"https:\/\/www.kaminakeskus.ee\/fi\/pelletikamin-montegan-ac11\/","og_site_name":"Kaminakeskus | Kaminad, Ahjud, Pliidid, Saunaahjud, Korstnad, Katlad","article_publisher":"https:\/\/www.facebook.com\/kaminakeskus\/yoast","article_published_time":"2022-12-30T11:49:01+00:00","article_modified_time":"2025-03-18T14:08:01+00:00","og_image":[{"width":1000,"height":1400,"url":"https:\/\/www.kaminakeskus.ee\/wp-content\/uploads\/2022\/12\/pelletkamin-montegan_AC11_punane.webp","type":"image\/webp"}],"author":"Hannes Puu","twitter_card":"summary_large_image","twitter_misc":{"Written by":"Hannes Puu","Est. reading time":"1 minute"},"schema":{"@context":"https:\/\/schema.org","@graph":[{"@type":"Article","@id":"https:\/\/www.kaminakeskus.ee\/fi\/pelletikamin-montegan-ac11\/#article","isPartOf":{"@id":"https:\/\/www.kaminakeskus.ee\/fi\/pelletikamin-montegan-ac11\/"},"author":{"name":"Hannes Puu","@id":"https:\/\/www.kaminakeskus.ee\/fi\/#\/schema\/person\/360e594b62899a19144add9c1b52223a"},"headline":"Pelletikamin Montegan AC11","datePublished":"2022-12-30T11:49:01+00:00","dateModified":"2025-03-18T14:08:01+00:00","mainEntityOfPage":{"@id":"https:\/\/www.kaminakeskus.ee\/fi\/pelletikamin-montegan-ac11\/"},"wordCount":40,"publisher":{"@id":"https:\/\/www.kaminakeskus.ee\/fi\/#organization"},"image":{"@id":"https:\/\/www.kaminakeskus.ee\/fi\/pelletikamin-montegan-ac11\/#primaryimage"},"thumbnailUrl":"https:\/\/www.kaminakeskus.ee\/wp-content\/uploads\/2022\/12\/pelletkamin-montegan_AC11_punane-107x150.webp","articleSection":["Pelletikaminad Montegan","Pellettitakat"],"inLanguage":"fi-FI","copyrightYear":"2022","copyrightHolder":{"@id":"https:\/\/www.kaminakeskus.ee\/#organization"}},{"@type":"WebPage","@id":"https:\/\/www.kaminakeskus.ee\/fi\/pelletikamin-montegan-ac11\/","url":"https:\/\/www.kaminakeskus.ee\/fi\/pelletikamin-montegan-ac11\/","name":"Pelletikamin Montegan AC11 - Kaminakeskus | Kaminad, Ahjud, Pliidid, Saunaahjud, Korstnad, Katlad","isPartOf":{"@id":"https:\/\/www.kaminakeskus.ee\/fi\/#website"},"primaryImageOfPage":{"@id":"https:\/\/www.kaminakeskus.ee\/fi\/pelletikamin-montegan-ac11\/#primaryimage"},"image":{"@id":"https:\/\/www.kaminakeskus.ee\/fi\/pelletikamin-montegan-ac11\/#primaryimage"},"thumbnailUrl":"https:\/\/www.kaminakeskus.ee\/wp-content\/uploads\/2022\/12\/pelletkamin-montegan_AC11_punane-107x150.webp","datePublished":"2022-12-30T11:49:01+00:00","dateModified":"2025-03-18T14:08:01+00:00","breadcrumb":{"@id":"https:\/\/www.kaminakeskus.ee\/fi\/pelletikamin-montegan-ac11\/#breadcrumb"},"inLanguage":"fi-FI","potentialAction":[{"@type":"ReadAction","target":["https:\/\/www.kaminakeskus.ee\/fi\/pelletikamin-montegan-ac11\/"]}]},{"@type":"ImageObject","inLanguage":"fi-FI","@id":"https:\/\/www.kaminakeskus.ee\/fi\/pelletikamin-montegan-ac11\/#primaryimage","url":"https:\/\/www.kaminakeskus.ee\/wp-content\/uploads\/2022\/12\/pelletkamin-montegan_AC11_punane-107x150.webp","contentUrl":"https:\/\/www.kaminakeskus.ee\/wp-content\/uploads\/2022\/12\/pelletkamin-montegan_AC11_punane-107x150.webp"},{"@type":"BreadcrumbList","@id":"https:\/\/www.kaminakeskus.ee\/fi\/pelletikamin-montegan-ac11\/#breadcrumb","itemListElement":[{"@type":"ListItem","position":1,"name":"Home","item":"https:\/\/www.kaminakeskus.ee\/fi\/"},{"@type":"ListItem","position":2,"name":"Pelletikamin Montegan AC11"}]},{"@type":"WebSite","@id":"https:\/\/www.kaminakeskus.ee\/fi\/#website","url":"https:\/\/www.kaminakeskus.ee\/fi\/","name":"Kaminakeskus | Kaminad, Ahjud, Pliidid, Saunaahjud, Korstnad, Korsten, Moodulkorsten, Katlad","description":"Kamin Kaminad Ahi Ahjud Pliit Pliidid Korstnad Katlad","publisher":{"@id":"https:\/\/www.kaminakeskus.ee\/fi\/#organization"},"potentialAction":[{"@type":"SearchAction","target":{"@type":"EntryPoint","urlTemplate":"https:\/\/www.kaminakeskus.ee\/fi\/?s={search_term_string}"},"query-input":{"@type":"PropertyValueSpecification","valueRequired":true,"valueName":"search_term_string"}}],"inLanguage":"fi-FI"},{"@type":["Organization","Place"],"@id":"https:\/\/www.kaminakeskus.ee\/fi\/#organization","name":"R\u00e4ndr\u00fc\u00fctel HP O\u00dc","alternateName":"KaminaKeskus","url":"https:\/\/www.kaminakeskus.ee\/","logo":{"@type":"ImageObject","inLanguage":"fi-FI","@id":"https:\/\/www.kaminakeskus.ee\/fi\/#\/schema\/logo\/image\/","url":"https:\/\/www.kaminakeskus.ee\/wp-content\/uploads\/2026\/02\/Kaminakeskus-logo-1-1.jpg","contentUrl":"https:\/\/www.kaminakeskus.ee\/wp-content\/uploads\/2026\/02\/Kaminakeskus-logo-1-1.jpg","width":2068,"height":532,"caption":"R\u00e4ndr\u00fc\u00fctel HP O\u00dc"},"image":{"@id":"https:\/\/www.kaminakeskus.ee\/fi\/#\/schema\/logo\/image\/"},"sameAs":["https:\/\/www.facebook.com\/kaminakeskus\/yoast"],"description":"Sales of fireplaces, chimneys and related goods. Kaminate, ahjude, pliitide, korstnate ja nendega seotud toodete m\u00fc\u00fck.","legalName":"R\u00e4ndr\u00fc\u00fctel HP O\u00dc","foundingDate":"1997-05-13","leiCode":"9845007FC4HB963C8D65","numberOfEmployees":{"@type":"QuantitativeValue","minValue":"1","maxValue":"10"},"telephone":["+372 5543239","+372 58812360"],"contactPoint":{"@type":"ContactPoint","telephone":"+372 5543239","email":"kaminakeskus@gmail.com"},"email":"kaminakeskus@gmail.com","vatID":"EE100831739","taxID":"10208374"},{"@type":"Person","@id":"https:\/\/www.kaminakeskus.ee\/fi\/#\/schema\/person\/360e594b62899a19144add9c1b52223a","name":"Hannes Puu","image":{"@type":"ImageObject","inLanguage":"fi-FI","@id":"https:\/\/secure.gravatar.com\/avatar\/b66148e304070f9a285de3d83f91b79224ed0f2b2026921db92893d72ecc95eb?s=96&d=mm&r=g","url":"https:\/\/secure.gravatar.com\/avatar\/b66148e304070f9a285de3d83f91b79224ed0f2b2026921db92893d72ecc95eb?s=96&d=mm&r=g","contentUrl":"https:\/\/secure.gravatar.com\/avatar\/b66148e304070f9a285de3d83f91b79224ed0f2b2026921db92893d72ecc95eb?s=96&d=mm&r=g","caption":"Hannes Puu"},"sameAs":["http:\/\/www.kaminakeskus.ee"]}]}},"_links":{"self":[{"href":"https:\/\/www.kaminakeskus.ee\/fi\/wp-json\/wp\/v2\/posts\/64119","targetHints":{"allow":["GET"]}}],"collection":[{"href":"https:\/\/www.kaminakeskus.ee\/fi\/wp-json\/wp\/v2\/posts"}],"about":[{"href":"https:\/\/www.kaminakeskus.ee\/fi\/wp-json\/wp\/v2\/types\/post"}],"author":[{"embeddable":true,"href":"https:\/\/www.kaminakeskus.ee\/fi\/wp-json\/wp\/v2\/users\/3"}],"replies":[{"embeddable":true,"href":"https:\/\/www.kaminakeskus.ee\/fi\/wp-json\/wp\/v2\/comments?post=64119"}],"version-history":[{"count":3,"href":"https:\/\/www.kaminakeskus.ee\/fi\/wp-json\/wp\/v2\/posts\/64119\/revisions"}],"predecessor-version":[{"id":82258,"href":"https:\/\/www.kaminakeskus.ee\/fi\/wp-json\/wp\/v2\/posts\/64119\/revisions\/82258"}],"wp:attachment":[{"href":"https:\/\/www.kaminakeskus.ee\/fi\/wp-json\/wp\/v2\/media?parent=64119"}],"wp:term":[{"taxonomy":"category","embeddable":true,"href":"https:\/\/www.kaminakeskus.ee\/fi\/wp-json\/wp\/v2\/categories?post=64119"},{"taxonomy":"post_tag","embeddable":true,"href":"https:\/\/www.kaminakeskus.ee\/fi\/wp-json\/wp\/v2\/tags?post=64119"}],"curies":[{"name":"wp","href":"https:\/\/api.w.org\/{rel}","templated":true}]}}