{"id":80943,"date":"2025-01-11T10:13:48","date_gmt":"2025-01-11T10:13:48","guid":{"rendered":"https:\/\/www.kaminakeskus.ee\/keskkuttepliit-deva-100-isla-cc\/"},"modified":"2025-01-11T10:14:24","modified_gmt":"2025-01-11T10:14:24","slug":"keskkuttepliit-deva-100-isla-cc","status":"publish","type":"post","link":"https:\/\/www.kaminakeskus.ee\/fi\/keskkuttepliit-deva-100-isla-cc\/","title":{"rendered":"Keskusl\u00e4mmityskiuas Deva 100 Isla CC"},"content":{"rendered":"<p><strong><a href=\"https:\/\/www.kaminakeskus.ee\/wp-content\/uploads\/2025\/01\/Pliit-Deva-100-isla-vitro-150x150.jpg\"><img decoding=\"async\" class=\"size-thumbnail wp-image-80922 alignnone\" src=\"https:\/\/www.kaminakeskus.ee\/wp-content\/uploads\/2025\/01\/Pliit-Deva-100-isla-vitro-150x150.jpg\" alt=\"\" width=\"150\" height=\"150\" srcset=\"https:\/\/www.kaminakeskus.ee\/wp-content\/uploads\/2025\/01\/Pliit-Deva-100-isla-vitro-66x66.jpg 66w, https:\/\/www.kaminakeskus.ee\/wp-content\/uploads\/2025\/01\/Pliit-Deva-100-isla-vitro-150x150.jpg 150w, https:\/\/www.kaminakeskus.ee\/wp-content\/uploads\/2025\/01\/Pliit-Deva-100-isla-vitro-200x200.jpg 200w, https:\/\/www.kaminakeskus.ee\/wp-content\/uploads\/2025\/01\/Pliit-Deva-100-isla-vitro-300x300.jpg 300w, https:\/\/www.kaminakeskus.ee\/wp-content\/uploads\/2025\/01\/Pliit-Deva-100-isla-vitro-400x400.jpg 400w, https:\/\/www.kaminakeskus.ee\/wp-content\/uploads\/2025\/01\/Pliit-Deva-100-isla-vitro-600x600.jpg 600w, https:\/\/www.kaminakeskus.ee\/wp-content\/uploads\/2025\/01\/Pliit-Deva-100-isla-vitro-768x768.jpg 768w, https:\/\/www.kaminakeskus.ee\/wp-content\/uploads\/2025\/01\/Pliit-Deva-100-isla-vitro-800x800.jpg 800w, https:\/\/www.kaminakeskus.ee\/wp-content\/uploads\/2025\/01\/Pliit-Deva-100-isla-vitro.jpg 1008w\" sizes=\"(max-width: 150px) 100vw, 150px\" \/><\/a>Keskusl\u00e4mmityskiuas Deva 100 Isla CC<br \/>\n<\/strong> Kokonaisteho nom\/max: 10,4-23 kW<strong><br \/>\n<\/strong> Ilmal\u00e4mmitysteho nimellis\/max: 5,1-7 \u200b\u200bkW<br \/>\n Teho veteen nom\/max: 5,3-16 kW<br \/>\n Korkeus: 750 mm<br \/>\n Leveys: 1020 mm<br \/>\n Syvyys: 606 mm<br \/>\n Putken halkaisija: \u00d8 150 mm<br \/>\n Paino: 250 kg<br \/>\n V\u00e4ri: musta<br \/>\n <strong>Hinta: 5812 EUR (keraaminen liesi)<\/strong><\/p>\n","protected":false},"excerpt":{"rendered":"<p>Keskusl\u00e4mmityskiuas Deva 100 Isla CC Kokonaisteho nom\/max: 10,4-23 kW Ilmal\u00e4mmitysteho  [&#8230;]<\/p>\n","protected":false},"author":3,"featured_media":0,"comment_status":"closed","ping_status":"closed","sticky":false,"template":"","format":"standard","meta":{"footnotes":""},"categories":[1850,1422],"tags":[],"class_list":["post-80943","post","type-post","status-publish","format-standard","hentry","category-keskkutte-pliidid-hergom-fi","category-keskuslammitys-liedet"],"yoast_head":"<!-- This site is optimized with the Yoast SEO Premium plugin v27.5 (Yoast SEO v27.5) - https:\/\/yoast.com\/product\/yoast-seo-premium-wordpress\/ -->\n<title>Keskusl\u00e4mmityskiuas Deva 100 Isla CC - Kaminakeskus | Kaminad, Ahjud, Pliidid, Saunaahjud, Korstnad, Katlad<\/title>\n<meta name=\"robots\" content=\"index, follow, max-snippet:-1, max-image-preview:large, max-video-preview:-1\" \/>\n<link rel=\"canonical\" href=\"https:\/\/www.kaminakeskus.ee\/fi\/keskkuttepliit-deva-100-isla-cc\/\" \/>\n<meta property=\"og:locale\" content=\"fi_FI\" \/>\n<meta property=\"og:type\" content=\"article\" \/>\n<meta property=\"og:title\" content=\"Keskusl\u00e4mmityskiuas Deva 100 Isla CC - Kaminakeskus | Kaminad, Ahjud, Pliidid, Saunaahjud, Korstnad, Katlad\" \/>\n<meta property=\"og:description\" content=\"Keskusl\u00e4mmityskiuas Deva 100 Isla CC Kokonaisteho nom\/max: 10,4-23 kW Ilmal\u00e4mmitysteho [...]\" \/>\n<meta property=\"og:url\" content=\"https:\/\/www.kaminakeskus.ee\/fi\/keskkuttepliit-deva-100-isla-cc\/\" \/>\n<meta property=\"og:site_name\" content=\"Kaminakeskus | Kaminad, Ahjud, Pliidid, Saunaahjud, Korstnad, Katlad\" \/>\n<meta property=\"article:publisher\" content=\"https:\/\/www.facebook.com\/kaminakeskus\/yoast\" \/>\n<meta property=\"article:published_time\" content=\"2025-01-11T10:13:48+00:00\" \/>\n<meta property=\"article:modified_time\" content=\"2025-01-11T10:14:24+00:00\" \/>\n<meta property=\"og:image\" content=\"https:\/\/www.kaminakeskus.ee\/wp-content\/uploads\/2025\/01\/Pliit-Deva-100-isla-vitro.jpg\" \/>\n\t<meta property=\"og:image:width\" content=\"1008\" \/>\n\t<meta property=\"og:image:height\" content=\"1008\" \/>\n\t<meta property=\"og:image:type\" content=\"image\/jpeg\" \/>\n<meta name=\"author\" content=\"Hannes Puu\" \/>\n<meta name=\"twitter:card\" content=\"summary_large_image\" \/>\n<meta name=\"twitter:label1\" content=\"Written by\" \/>\n\t<meta name=\"twitter:data1\" content=\"Hannes Puu\" \/>\n<script type=\"application\/ld+json\" class=\"yoast-schema-graph\">{\"@context\":\"https:\\\/\\\/schema.org\",\"@graph\":[{\"@type\":\"Article\",\"@id\":\"https:\\\/\\\/www.kaminakeskus.ee\\\/fi\\\/keskkuttepliit-deva-100-isla-cc\\\/#article\",\"isPartOf\":{\"@id\":\"https:\\\/\\\/www.kaminakeskus.ee\\\/fi\\\/keskkuttepliit-deva-100-isla-cc\\\/\"},\"author\":{\"name\":\"Hannes Puu\",\"@id\":\"https:\\\/\\\/www.kaminakeskus.ee\\\/fi\\\/#\\\/schema\\\/person\\\/360e594b62899a19144add9c1b52223a\"},\"headline\":\"Keskusl\u00e4mmityskiuas Deva 100 Isla CC\",\"datePublished\":\"2025-01-11T10:13:48+00:00\",\"dateModified\":\"2025-01-11T10:14:24+00:00\",\"mainEntityOfPage\":{\"@id\":\"https:\\\/\\\/www.kaminakeskus.ee\\\/fi\\\/keskkuttepliit-deva-100-isla-cc\\\/\"},\"wordCount\":45,\"publisher\":{\"@id\":\"https:\\\/\\\/www.kaminakeskus.ee\\\/fi\\\/#organization\"},\"image\":{\"@id\":\"https:\\\/\\\/www.kaminakeskus.ee\\\/fi\\\/keskkuttepliit-deva-100-isla-cc\\\/#primaryimage\"},\"thumbnailUrl\":\"https:\\\/\\\/www.kaminakeskus.ee\\\/wp-content\\\/uploads\\\/2025\\\/01\\\/Pliit-Deva-100-isla-vitro-150x150.jpg\",\"articleSection\":[\"Keskk\u00fctte pliidid Hergom\",\"Keskusl\u00e4mmitys liedet\"],\"inLanguage\":\"fi-FI\",\"copyrightYear\":\"2025\",\"copyrightHolder\":{\"@id\":\"https:\\\/\\\/www.kaminakeskus.ee\\\/#organization\"}},{\"@type\":\"WebPage\",\"@id\":\"https:\\\/\\\/www.kaminakeskus.ee\\\/fi\\\/keskkuttepliit-deva-100-isla-cc\\\/\",\"url\":\"https:\\\/\\\/www.kaminakeskus.ee\\\/fi\\\/keskkuttepliit-deva-100-isla-cc\\\/\",\"name\":\"Keskusl\u00e4mmityskiuas Deva 100 Isla CC - Kaminakeskus | Kaminad, Ahjud, Pliidid, Saunaahjud, Korstnad, Katlad\",\"isPartOf\":{\"@id\":\"https:\\\/\\\/www.kaminakeskus.ee\\\/fi\\\/#website\"},\"primaryImageOfPage\":{\"@id\":\"https:\\\/\\\/www.kaminakeskus.ee\\\/fi\\\/keskkuttepliit-deva-100-isla-cc\\\/#primaryimage\"},\"image\":{\"@id\":\"https:\\\/\\\/www.kaminakeskus.ee\\\/fi\\\/keskkuttepliit-deva-100-isla-cc\\\/#primaryimage\"},\"thumbnailUrl\":\"https:\\\/\\\/www.kaminakeskus.ee\\\/wp-content\\\/uploads\\\/2025\\\/01\\\/Pliit-Deva-100-isla-vitro-150x150.jpg\",\"datePublished\":\"2025-01-11T10:13:48+00:00\",\"dateModified\":\"2025-01-11T10:14:24+00:00\",\"breadcrumb\":{\"@id\":\"https:\\\/\\\/www.kaminakeskus.ee\\\/fi\\\/keskkuttepliit-deva-100-isla-cc\\\/#breadcrumb\"},\"inLanguage\":\"fi-FI\",\"potentialAction\":[{\"@type\":\"ReadAction\",\"target\":[\"https:\\\/\\\/www.kaminakeskus.ee\\\/fi\\\/keskkuttepliit-deva-100-isla-cc\\\/\"]}]},{\"@type\":\"ImageObject\",\"inLanguage\":\"fi-FI\",\"@id\":\"https:\\\/\\\/www.kaminakeskus.ee\\\/fi\\\/keskkuttepliit-deva-100-isla-cc\\\/#primaryimage\",\"url\":\"https:\\\/\\\/www.kaminakeskus.ee\\\/wp-content\\\/uploads\\\/2025\\\/01\\\/Pliit-Deva-100-isla-vitro-150x150.jpg\",\"contentUrl\":\"https:\\\/\\\/www.kaminakeskus.ee\\\/wp-content\\\/uploads\\\/2025\\\/01\\\/Pliit-Deva-100-isla-vitro-150x150.jpg\"},{\"@type\":\"BreadcrumbList\",\"@id\":\"https:\\\/\\\/www.kaminakeskus.ee\\\/fi\\\/keskkuttepliit-deva-100-isla-cc\\\/#breadcrumb\",\"itemListElement\":[{\"@type\":\"ListItem\",\"position\":1,\"name\":\"Home\",\"item\":\"https:\\\/\\\/www.kaminakeskus.ee\\\/fi\\\/\"},{\"@type\":\"ListItem\",\"position\":2,\"name\":\"Keskusl\u00e4mmityskiuas Deva 100 Isla CC\"}]},{\"@type\":\"WebSite\",\"@id\":\"https:\\\/\\\/www.kaminakeskus.ee\\\/fi\\\/#website\",\"url\":\"https:\\\/\\\/www.kaminakeskus.ee\\\/fi\\\/\",\"name\":\"Kaminakeskus | Kaminad, Ahjud, Pliidid, Saunaahjud, Korstnad, Korsten, Moodulkorsten, Katlad\",\"description\":\"Kamin Kaminad Ahi Ahjud Pliit Pliidid Korstnad Katlad\",\"publisher\":{\"@id\":\"https:\\\/\\\/www.kaminakeskus.ee\\\/fi\\\/#organization\"},\"potentialAction\":[{\"@type\":\"SearchAction\",\"target\":{\"@type\":\"EntryPoint\",\"urlTemplate\":\"https:\\\/\\\/www.kaminakeskus.ee\\\/fi\\\/?s={search_term_string}\"},\"query-input\":{\"@type\":\"PropertyValueSpecification\",\"valueRequired\":true,\"valueName\":\"search_term_string\"}}],\"inLanguage\":\"fi-FI\"},{\"@type\":[\"Organization\",\"Place\"],\"@id\":\"https:\\\/\\\/www.kaminakeskus.ee\\\/fi\\\/#organization\",\"name\":\"R\u00e4ndr\u00fc\u00fctel HP O\u00dc\",\"alternateName\":\"KaminaKeskus\",\"url\":\"https:\\\/\\\/www.kaminakeskus.ee\\\/\",\"logo\":{\"@type\":\"ImageObject\",\"inLanguage\":\"fi-FI\",\"@id\":\"https:\\\/\\\/www.kaminakeskus.ee\\\/fi\\\/#\\\/schema\\\/logo\\\/image\\\/\",\"url\":\"https:\\\/\\\/www.kaminakeskus.ee\\\/wp-content\\\/uploads\\\/2026\\\/02\\\/Kaminakeskus-logo-1-1.jpg\",\"contentUrl\":\"https:\\\/\\\/www.kaminakeskus.ee\\\/wp-content\\\/uploads\\\/2026\\\/02\\\/Kaminakeskus-logo-1-1.jpg\",\"width\":2068,\"height\":532,\"caption\":\"R\u00e4ndr\u00fc\u00fctel HP O\u00dc\"},\"image\":{\"@id\":\"https:\\\/\\\/www.kaminakeskus.ee\\\/fi\\\/#\\\/schema\\\/logo\\\/image\\\/\"},\"sameAs\":[\"https:\\\/\\\/www.facebook.com\\\/kaminakeskus\\\/yoast\"],\"description\":\"Sales of fireplaces, chimneys and related goods. Kaminate, ahjude, pliitide, korstnate ja nendega seotud toodete m\u00fc\u00fck.\",\"legalName\":\"R\u00e4ndr\u00fc\u00fctel HP O\u00dc\",\"foundingDate\":\"1997-05-13\",\"leiCode\":\"9845007FC4HB963C8D65\",\"numberOfEmployees\":{\"@type\":\"QuantitativeValue\",\"minValue\":\"1\",\"maxValue\":\"10\"},\"telephone\":[\"+372 5543239\",\"+372 58812360\"],\"contactPoint\":{\"@type\":\"ContactPoint\",\"telephone\":\"+372 5543239\",\"email\":\"kaminakeskus@gmail.com\"},\"email\":\"kaminakeskus@gmail.com\",\"vatID\":\"EE100831739\",\"taxID\":\"10208374\"},{\"@type\":\"Person\",\"@id\":\"https:\\\/\\\/www.kaminakeskus.ee\\\/fi\\\/#\\\/schema\\\/person\\\/360e594b62899a19144add9c1b52223a\",\"name\":\"Hannes Puu\",\"image\":{\"@type\":\"ImageObject\",\"inLanguage\":\"fi-FI\",\"@id\":\"https:\\\/\\\/secure.gravatar.com\\\/avatar\\\/b66148e304070f9a285de3d83f91b79224ed0f2b2026921db92893d72ecc95eb?s=96&d=mm&r=g\",\"url\":\"https:\\\/\\\/secure.gravatar.com\\\/avatar\\\/b66148e304070f9a285de3d83f91b79224ed0f2b2026921db92893d72ecc95eb?s=96&d=mm&r=g\",\"contentUrl\":\"https:\\\/\\\/secure.gravatar.com\\\/avatar\\\/b66148e304070f9a285de3d83f91b79224ed0f2b2026921db92893d72ecc95eb?s=96&d=mm&r=g\",\"caption\":\"Hannes Puu\"},\"sameAs\":[\"http:\\\/\\\/www.kaminakeskus.ee\"]}]}<\/script>\n<!-- \/ Yoast SEO Premium plugin. -->","yoast_head_json":{"title":"Keskusl\u00e4mmityskiuas Deva 100 Isla CC - Kaminakeskus | Kaminad, Ahjud, Pliidid, Saunaahjud, Korstnad, Katlad","robots":{"index":"index","follow":"follow","max-snippet":"max-snippet:-1","max-image-preview":"max-image-preview:large","max-video-preview":"max-video-preview:-1"},"canonical":"https:\/\/www.kaminakeskus.ee\/fi\/keskkuttepliit-deva-100-isla-cc\/","og_locale":"fi_FI","og_type":"article","og_title":"Keskusl\u00e4mmityskiuas Deva 100 Isla CC - Kaminakeskus | Kaminad, Ahjud, Pliidid, Saunaahjud, Korstnad, Katlad","og_description":"Keskusl\u00e4mmityskiuas Deva 100 Isla CC Kokonaisteho nom\/max: 10,4-23 kW Ilmal\u00e4mmitysteho [...]","og_url":"https:\/\/www.kaminakeskus.ee\/fi\/keskkuttepliit-deva-100-isla-cc\/","og_site_name":"Kaminakeskus | Kaminad, Ahjud, Pliidid, Saunaahjud, Korstnad, Katlad","article_publisher":"https:\/\/www.facebook.com\/kaminakeskus\/yoast","article_published_time":"2025-01-11T10:13:48+00:00","article_modified_time":"2025-01-11T10:14:24+00:00","og_image":[{"width":1008,"height":1008,"url":"https:\/\/www.kaminakeskus.ee\/wp-content\/uploads\/2025\/01\/Pliit-Deva-100-isla-vitro.jpg","type":"image\/jpeg"}],"author":"Hannes Puu","twitter_card":"summary_large_image","twitter_misc":{"Written by":"Hannes Puu"},"schema":{"@context":"https:\/\/schema.org","@graph":[{"@type":"Article","@id":"https:\/\/www.kaminakeskus.ee\/fi\/keskkuttepliit-deva-100-isla-cc\/#article","isPartOf":{"@id":"https:\/\/www.kaminakeskus.ee\/fi\/keskkuttepliit-deva-100-isla-cc\/"},"author":{"name":"Hannes Puu","@id":"https:\/\/www.kaminakeskus.ee\/fi\/#\/schema\/person\/360e594b62899a19144add9c1b52223a"},"headline":"Keskusl\u00e4mmityskiuas Deva 100 Isla CC","datePublished":"2025-01-11T10:13:48+00:00","dateModified":"2025-01-11T10:14:24+00:00","mainEntityOfPage":{"@id":"https:\/\/www.kaminakeskus.ee\/fi\/keskkuttepliit-deva-100-isla-cc\/"},"wordCount":45,"publisher":{"@id":"https:\/\/www.kaminakeskus.ee\/fi\/#organization"},"image":{"@id":"https:\/\/www.kaminakeskus.ee\/fi\/keskkuttepliit-deva-100-isla-cc\/#primaryimage"},"thumbnailUrl":"https:\/\/www.kaminakeskus.ee\/wp-content\/uploads\/2025\/01\/Pliit-Deva-100-isla-vitro-150x150.jpg","articleSection":["Keskk\u00fctte pliidid Hergom","Keskusl\u00e4mmitys liedet"],"inLanguage":"fi-FI","copyrightYear":"2025","copyrightHolder":{"@id":"https:\/\/www.kaminakeskus.ee\/#organization"}},{"@type":"WebPage","@id":"https:\/\/www.kaminakeskus.ee\/fi\/keskkuttepliit-deva-100-isla-cc\/","url":"https:\/\/www.kaminakeskus.ee\/fi\/keskkuttepliit-deva-100-isla-cc\/","name":"Keskusl\u00e4mmityskiuas Deva 100 Isla CC - Kaminakeskus | Kaminad, Ahjud, Pliidid, Saunaahjud, Korstnad, Katlad","isPartOf":{"@id":"https:\/\/www.kaminakeskus.ee\/fi\/#website"},"primaryImageOfPage":{"@id":"https:\/\/www.kaminakeskus.ee\/fi\/keskkuttepliit-deva-100-isla-cc\/#primaryimage"},"image":{"@id":"https:\/\/www.kaminakeskus.ee\/fi\/keskkuttepliit-deva-100-isla-cc\/#primaryimage"},"thumbnailUrl":"https:\/\/www.kaminakeskus.ee\/wp-content\/uploads\/2025\/01\/Pliit-Deva-100-isla-vitro-150x150.jpg","datePublished":"2025-01-11T10:13:48+00:00","dateModified":"2025-01-11T10:14:24+00:00","breadcrumb":{"@id":"https:\/\/www.kaminakeskus.ee\/fi\/keskkuttepliit-deva-100-isla-cc\/#breadcrumb"},"inLanguage":"fi-FI","potentialAction":[{"@type":"ReadAction","target":["https:\/\/www.kaminakeskus.ee\/fi\/keskkuttepliit-deva-100-isla-cc\/"]}]},{"@type":"ImageObject","inLanguage":"fi-FI","@id":"https:\/\/www.kaminakeskus.ee\/fi\/keskkuttepliit-deva-100-isla-cc\/#primaryimage","url":"https:\/\/www.kaminakeskus.ee\/wp-content\/uploads\/2025\/01\/Pliit-Deva-100-isla-vitro-150x150.jpg","contentUrl":"https:\/\/www.kaminakeskus.ee\/wp-content\/uploads\/2025\/01\/Pliit-Deva-100-isla-vitro-150x150.jpg"},{"@type":"BreadcrumbList","@id":"https:\/\/www.kaminakeskus.ee\/fi\/keskkuttepliit-deva-100-isla-cc\/#breadcrumb","itemListElement":[{"@type":"ListItem","position":1,"name":"Home","item":"https:\/\/www.kaminakeskus.ee\/fi\/"},{"@type":"ListItem","position":2,"name":"Keskusl\u00e4mmityskiuas Deva 100 Isla CC"}]},{"@type":"WebSite","@id":"https:\/\/www.kaminakeskus.ee\/fi\/#website","url":"https:\/\/www.kaminakeskus.ee\/fi\/","name":"Kaminakeskus | Kaminad, Ahjud, Pliidid, Saunaahjud, Korstnad, Korsten, Moodulkorsten, Katlad","description":"Kamin Kaminad Ahi Ahjud Pliit Pliidid Korstnad Katlad","publisher":{"@id":"https:\/\/www.kaminakeskus.ee\/fi\/#organization"},"potentialAction":[{"@type":"SearchAction","target":{"@type":"EntryPoint","urlTemplate":"https:\/\/www.kaminakeskus.ee\/fi\/?s={search_term_string}"},"query-input":{"@type":"PropertyValueSpecification","valueRequired":true,"valueName":"search_term_string"}}],"inLanguage":"fi-FI"},{"@type":["Organization","Place"],"@id":"https:\/\/www.kaminakeskus.ee\/fi\/#organization","name":"R\u00e4ndr\u00fc\u00fctel HP O\u00dc","alternateName":"KaminaKeskus","url":"https:\/\/www.kaminakeskus.ee\/","logo":{"@type":"ImageObject","inLanguage":"fi-FI","@id":"https:\/\/www.kaminakeskus.ee\/fi\/#\/schema\/logo\/image\/","url":"https:\/\/www.kaminakeskus.ee\/wp-content\/uploads\/2026\/02\/Kaminakeskus-logo-1-1.jpg","contentUrl":"https:\/\/www.kaminakeskus.ee\/wp-content\/uploads\/2026\/02\/Kaminakeskus-logo-1-1.jpg","width":2068,"height":532,"caption":"R\u00e4ndr\u00fc\u00fctel HP O\u00dc"},"image":{"@id":"https:\/\/www.kaminakeskus.ee\/fi\/#\/schema\/logo\/image\/"},"sameAs":["https:\/\/www.facebook.com\/kaminakeskus\/yoast"],"description":"Sales of fireplaces, chimneys and related goods. Kaminate, ahjude, pliitide, korstnate ja nendega seotud toodete m\u00fc\u00fck.","legalName":"R\u00e4ndr\u00fc\u00fctel HP O\u00dc","foundingDate":"1997-05-13","leiCode":"9845007FC4HB963C8D65","numberOfEmployees":{"@type":"QuantitativeValue","minValue":"1","maxValue":"10"},"telephone":["+372 5543239","+372 58812360"],"contactPoint":{"@type":"ContactPoint","telephone":"+372 5543239","email":"kaminakeskus@gmail.com"},"email":"kaminakeskus@gmail.com","vatID":"EE100831739","taxID":"10208374"},{"@type":"Person","@id":"https:\/\/www.kaminakeskus.ee\/fi\/#\/schema\/person\/360e594b62899a19144add9c1b52223a","name":"Hannes Puu","image":{"@type":"ImageObject","inLanguage":"fi-FI","@id":"https:\/\/secure.gravatar.com\/avatar\/b66148e304070f9a285de3d83f91b79224ed0f2b2026921db92893d72ecc95eb?s=96&d=mm&r=g","url":"https:\/\/secure.gravatar.com\/avatar\/b66148e304070f9a285de3d83f91b79224ed0f2b2026921db92893d72ecc95eb?s=96&d=mm&r=g","contentUrl":"https:\/\/secure.gravatar.com\/avatar\/b66148e304070f9a285de3d83f91b79224ed0f2b2026921db92893d72ecc95eb?s=96&d=mm&r=g","caption":"Hannes Puu"},"sameAs":["http:\/\/www.kaminakeskus.ee"]}]}},"_links":{"self":[{"href":"https:\/\/www.kaminakeskus.ee\/fi\/wp-json\/wp\/v2\/posts\/80943","targetHints":{"allow":["GET"]}}],"collection":[{"href":"https:\/\/www.kaminakeskus.ee\/fi\/wp-json\/wp\/v2\/posts"}],"about":[{"href":"https:\/\/www.kaminakeskus.ee\/fi\/wp-json\/wp\/v2\/types\/post"}],"author":[{"embeddable":true,"href":"https:\/\/www.kaminakeskus.ee\/fi\/wp-json\/wp\/v2\/users\/3"}],"replies":[{"embeddable":true,"href":"https:\/\/www.kaminakeskus.ee\/fi\/wp-json\/wp\/v2\/comments?post=80943"}],"version-history":[{"count":1,"href":"https:\/\/www.kaminakeskus.ee\/fi\/wp-json\/wp\/v2\/posts\/80943\/revisions"}],"predecessor-version":[{"id":80946,"href":"https:\/\/www.kaminakeskus.ee\/fi\/wp-json\/wp\/v2\/posts\/80943\/revisions\/80946"}],"wp:attachment":[{"href":"https:\/\/www.kaminakeskus.ee\/fi\/wp-json\/wp\/v2\/media?parent=80943"}],"wp:term":[{"taxonomy":"category","embeddable":true,"href":"https:\/\/www.kaminakeskus.ee\/fi\/wp-json\/wp\/v2\/categories?post=80943"},{"taxonomy":"post_tag","embeddable":true,"href":"https:\/\/www.kaminakeskus.ee\/fi\/wp-json\/wp\/v2\/tags?post=80943"}],"curies":[{"name":"wp","href":"https:\/\/api.w.org\/{rel}","templated":true}]}}