{"id":85373,"date":"2026-01-20T14:27:25","date_gmt":"2026-01-20T14:27:25","guid":{"rendered":"https:\/\/www.kaminakeskus.ee\/?p=85373"},"modified":"2026-04-01T11:03:18","modified_gmt":"2026-04-01T11:03:18","slug":"saunakorstna-komplekt-2-5m","status":"publish","type":"post","link":"https:\/\/www.kaminakeskus.ee\/fi\/saunakorstna-komplekt-2-5m\/","title":{"rendered":"Saunakorstna komplekt 2.5m"},"content":{"rendered":"<div id=\"attachment_85368\" style=\"width: 220px\" class=\"wp-caption aligncenter\"><a href=\"https:\/\/www.kaminakeskus.ee\/wp-content\/uploads\/2026\/01\/Saunakorstna-pakkumine-1-210x300.jpg\"><img decoding=\"async\" aria-describedby=\"caption-attachment-85368\" class=\"wp-image-85368 size-medium\" title=\"Sauna moodulkorstna komplekt 2,5m\" src=\"https:\/\/www.kaminakeskus.ee\/wp-content\/uploads\/2026\/01\/Saunakorstna-pakkumine-1-210x300.jpg\" alt=\"Sauna korsten\" width=\"210\" height=\"300\" srcset=\"https:\/\/www.kaminakeskus.ee\/wp-content\/uploads\/2026\/01\/Saunakorstna-pakkumine-1-105x150.jpg 105w, https:\/\/www.kaminakeskus.ee\/wp-content\/uploads\/2026\/01\/Saunakorstna-pakkumine-1-200x285.jpg 200w, https:\/\/www.kaminakeskus.ee\/wp-content\/uploads\/2026\/01\/Saunakorstna-pakkumine-1-210x300.jpg 210w, https:\/\/www.kaminakeskus.ee\/wp-content\/uploads\/2026\/01\/Saunakorstna-pakkumine-1-400x570.jpg 400w, https:\/\/www.kaminakeskus.ee\/wp-content\/uploads\/2026\/01\/Saunakorstna-pakkumine-1-600x856.jpg 600w, https:\/\/www.kaminakeskus.ee\/wp-content\/uploads\/2026\/01\/Saunakorstna-pakkumine-1-718x1024.jpg 718w, https:\/\/www.kaminakeskus.ee\/wp-content\/uploads\/2026\/01\/Saunakorstna-pakkumine-1-768x1095.jpg 768w, https:\/\/www.kaminakeskus.ee\/wp-content\/uploads\/2026\/01\/Saunakorstna-pakkumine-1-800x1141.jpg 800w, https:\/\/www.kaminakeskus.ee\/wp-content\/uploads\/2026\/01\/Saunakorstna-pakkumine-1.jpg 864w\" sizes=\"(max-width: 210px) 100vw, 210px\" \/><\/a><p id=\"caption-attachment-85368\" class=\"wp-caption-text\"><strong>Saunakorsten 2,5m<\/strong><\/p><\/div>\n<p style=\"text-align: center;\"><strong>Saunakorsten 2,5m komplekt:<\/strong><br \/>\nIsoleeritud toru D115\/220 L-1m<br \/>\nIsoleeritud toru D115\/220 L-0,5m<br \/>\nKorstna l\u00f5petus\/m\u00fcts<br \/>\nKorstna adapter<br \/>\nSuitsutoru D115 L-1m<br \/>\nSarika\/vahelae kinnitus<br \/>\nKatteplekk l\u00e4biviigule<br \/>\nUniversaalne katusekatik<br \/>\n<del><strong>Tavahind: 433 EUR<\/strong><\/del><br \/>\n<span style=\"color: #ff0000;\"><strong>Soodushind: 339 EUR<\/p>\n<p><\/strong><\/span><span style=\"color: #000000;\"><strong>Saunakorstna m\u00fc\u00fck Tallinnas<\/strong><strong><br \/>\nTuru plats 5<br \/>\nSaunakorstna m\u00fc\u00fck P\u00e4rnus<br \/>\n<\/strong><strong>Riia mnt.181<\/strong><\/span><span style=\"color: #ff0000;\"><strong><br \/>\n<\/strong><\/span><\/p>\n","protected":false},"excerpt":{"rendered":"<p>Saunakorsten 2,5m komplekt: Isoleeritud toru D115\/220 L-1m Isoleeritud toru D115\/220  [&#8230;]<\/p>\n","protected":false},"author":3,"featured_media":0,"comment_status":"closed","ping_status":"closed","sticky":false,"template":"","format":"standard","meta":{"footnotes":""},"categories":[1408,1412,243],"tags":[],"class_list":["post-85373","post","type-post","status-publish","format-standard","hentry","category-savupiippu-fi","category-savupiiput-dm-chimney","category-takat-takat"],"yoast_head":"<!-- This site is optimized with the Yoast SEO Premium plugin v27.5 (Yoast SEO v27.5) - https:\/\/yoast.com\/product\/yoast-seo-premium-wordpress\/ -->\n<title>Saunakorstna komplekt 2.5m - Kaminakeskus | Kaminad, Ahjud, Pliidid, Saunaahjud, Korstnad, Katlad<\/title>\n<meta name=\"description\" content=\"Isoleeritud toru D115\/220 L-1m Isoleeritud toru D115\/220 L-0,5m Korstna l\u00f5petus\/m\u00fcts Korstna adapter Suitsutoru D115 L-1m Sarika\/vahelae kinnitus Katteplekk l\u00e4biviigule Universaalne katusekatik\" \/>\n<meta name=\"robots\" content=\"index, follow, max-snippet:-1, max-image-preview:large, max-video-preview:-1\" \/>\n<link rel=\"canonical\" href=\"https:\/\/www.kaminakeskus.ee\/fi\/saunakorstna-komplekt-2-5m\/\" \/>\n<meta property=\"og:locale\" content=\"fi_FI\" \/>\n<meta property=\"og:type\" content=\"article\" \/>\n<meta property=\"og:title\" content=\"Saunakorstna komplekt 2.5m - Kaminakeskus | Kaminad, Ahjud, Pliidid, Saunaahjud, Korstnad, Katlad\" \/>\n<meta property=\"og:description\" content=\"Isoleeritud toru D115\/220 L-1m Isoleeritud toru D115\/220 L-0,5m Korstna l\u00f5petus\/m\u00fcts Korstna adapter Suitsutoru D115 L-1m Sarika\/vahelae kinnitus Katteplekk l\u00e4biviigule Universaalne katusekatik\" \/>\n<meta property=\"og:url\" content=\"https:\/\/www.kaminakeskus.ee\/fi\/saunakorstna-komplekt-2-5m\/\" \/>\n<meta property=\"og:site_name\" content=\"Kaminakeskus | Kaminad, Ahjud, Pliidid, Saunaahjud, Korstnad, Katlad\" \/>\n<meta property=\"article:publisher\" content=\"https:\/\/www.facebook.com\/kaminakeskus\/yoast\" \/>\n<meta property=\"article:published_time\" content=\"2026-01-20T14:27:25+00:00\" \/>\n<meta property=\"article:modified_time\" content=\"2026-04-01T11:03:18+00:00\" \/>\n<meta property=\"og:image\" content=\"https:\/\/www.kaminakeskus.ee\/wp-content\/uploads\/2026\/01\/Saunakorstna-pakkumine-1.jpg\" \/>\n\t<meta property=\"og:image:width\" content=\"864\" \/>\n\t<meta property=\"og:image:height\" content=\"1232\" \/>\n\t<meta property=\"og:image:type\" content=\"image\/jpeg\" \/>\n<meta name=\"author\" content=\"Hannes Puu\" \/>\n<meta name=\"twitter:card\" content=\"summary_large_image\" \/>\n<meta name=\"twitter:label1\" content=\"Written by\" \/>\n\t<meta name=\"twitter:data1\" content=\"Hannes Puu\" \/>\n<script type=\"application\/ld+json\" class=\"yoast-schema-graph\">{\"@context\":\"https:\\\/\\\/schema.org\",\"@graph\":[{\"@type\":\"Article\",\"@id\":\"https:\\\/\\\/www.kaminakeskus.ee\\\/fi\\\/saunakorstna-komplekt-2-5m\\\/#article\",\"isPartOf\":{\"@id\":\"https:\\\/\\\/www.kaminakeskus.ee\\\/fi\\\/saunakorstna-komplekt-2-5m\\\/\"},\"author\":{\"name\":\"Hannes Puu\",\"@id\":\"https:\\\/\\\/www.kaminakeskus.ee\\\/fi\\\/#\\\/schema\\\/person\\\/360e594b62899a19144add9c1b52223a\"},\"headline\":\"Saunakorstna komplekt 2.5m\",\"datePublished\":\"2026-01-20T14:27:25+00:00\",\"dateModified\":\"2026-04-01T11:03:18+00:00\",\"mainEntityOfPage\":{\"@id\":\"https:\\\/\\\/www.kaminakeskus.ee\\\/fi\\\/saunakorstna-komplekt-2-5m\\\/\"},\"wordCount\":61,\"publisher\":{\"@id\":\"https:\\\/\\\/www.kaminakeskus.ee\\\/fi\\\/#organization\"},\"image\":{\"@id\":\"https:\\\/\\\/www.kaminakeskus.ee\\\/fi\\\/saunakorstna-komplekt-2-5m\\\/#primaryimage\"},\"thumbnailUrl\":\"https:\\\/\\\/www.kaminakeskus.ee\\\/wp-content\\\/uploads\\\/2026\\\/01\\\/Saunakorstna-pakkumine-1-210x300.jpg\",\"articleSection\":[\"Savupiippu\",\"Savupiiput DM chimney\",\"Takat\"],\"inLanguage\":\"fi-FI\",\"copyrightYear\":\"2026\",\"copyrightHolder\":{\"@id\":\"https:\\\/\\\/www.kaminakeskus.ee\\\/#organization\"}},{\"@type\":\"WebPage\",\"@id\":\"https:\\\/\\\/www.kaminakeskus.ee\\\/fi\\\/saunakorstna-komplekt-2-5m\\\/\",\"url\":\"https:\\\/\\\/www.kaminakeskus.ee\\\/fi\\\/saunakorstna-komplekt-2-5m\\\/\",\"name\":\"Saunakorstna komplekt 2.5m - Kaminakeskus | Kaminad, Ahjud, Pliidid, Saunaahjud, Korstnad, Katlad\",\"isPartOf\":{\"@id\":\"https:\\\/\\\/www.kaminakeskus.ee\\\/fi\\\/#website\"},\"primaryImageOfPage\":{\"@id\":\"https:\\\/\\\/www.kaminakeskus.ee\\\/fi\\\/saunakorstna-komplekt-2-5m\\\/#primaryimage\"},\"image\":{\"@id\":\"https:\\\/\\\/www.kaminakeskus.ee\\\/fi\\\/saunakorstna-komplekt-2-5m\\\/#primaryimage\"},\"thumbnailUrl\":\"https:\\\/\\\/www.kaminakeskus.ee\\\/wp-content\\\/uploads\\\/2026\\\/01\\\/Saunakorstna-pakkumine-1-210x300.jpg\",\"datePublished\":\"2026-01-20T14:27:25+00:00\",\"dateModified\":\"2026-04-01T11:03:18+00:00\",\"description\":\"Isoleeritud toru D115\\\/220 L-1m Isoleeritud toru D115\\\/220 L-0,5m Korstna l\u00f5petus\\\/m\u00fcts Korstna adapter Suitsutoru D115 L-1m Sarika\\\/vahelae kinnitus Katteplekk l\u00e4biviigule Universaalne katusekatik\",\"breadcrumb\":{\"@id\":\"https:\\\/\\\/www.kaminakeskus.ee\\\/fi\\\/saunakorstna-komplekt-2-5m\\\/#breadcrumb\"},\"inLanguage\":\"fi-FI\",\"potentialAction\":[{\"@type\":\"ReadAction\",\"target\":[\"https:\\\/\\\/www.kaminakeskus.ee\\\/fi\\\/saunakorstna-komplekt-2-5m\\\/\"]}]},{\"@type\":\"ImageObject\",\"inLanguage\":\"fi-FI\",\"@id\":\"https:\\\/\\\/www.kaminakeskus.ee\\\/fi\\\/saunakorstna-komplekt-2-5m\\\/#primaryimage\",\"url\":\"https:\\\/\\\/www.kaminakeskus.ee\\\/wp-content\\\/uploads\\\/2026\\\/01\\\/Saunakorstna-pakkumine-1-210x300.jpg\",\"contentUrl\":\"https:\\\/\\\/www.kaminakeskus.ee\\\/wp-content\\\/uploads\\\/2026\\\/01\\\/Saunakorstna-pakkumine-1-210x300.jpg\"},{\"@type\":\"BreadcrumbList\",\"@id\":\"https:\\\/\\\/www.kaminakeskus.ee\\\/fi\\\/saunakorstna-komplekt-2-5m\\\/#breadcrumb\",\"itemListElement\":[{\"@type\":\"ListItem\",\"position\":1,\"name\":\"Home\",\"item\":\"https:\\\/\\\/www.kaminakeskus.ee\\\/fi\\\/\"},{\"@type\":\"ListItem\",\"position\":2,\"name\":\"Saunakorstna komplekt 2.5m\"}]},{\"@type\":\"WebSite\",\"@id\":\"https:\\\/\\\/www.kaminakeskus.ee\\\/fi\\\/#website\",\"url\":\"https:\\\/\\\/www.kaminakeskus.ee\\\/fi\\\/\",\"name\":\"Kaminakeskus | Kaminad, Ahjud, Pliidid, Saunaahjud, Korstnad, Korsten, Moodulkorsten, Katlad\",\"description\":\"Kamin Kaminad Ahi Ahjud Pliit Pliidid Korstnad Katlad\",\"publisher\":{\"@id\":\"https:\\\/\\\/www.kaminakeskus.ee\\\/fi\\\/#organization\"},\"potentialAction\":[{\"@type\":\"SearchAction\",\"target\":{\"@type\":\"EntryPoint\",\"urlTemplate\":\"https:\\\/\\\/www.kaminakeskus.ee\\\/fi\\\/?s={search_term_string}\"},\"query-input\":{\"@type\":\"PropertyValueSpecification\",\"valueRequired\":true,\"valueName\":\"search_term_string\"}}],\"inLanguage\":\"fi-FI\"},{\"@type\":[\"Organization\",\"Place\"],\"@id\":\"https:\\\/\\\/www.kaminakeskus.ee\\\/fi\\\/#organization\",\"name\":\"R\u00e4ndr\u00fc\u00fctel HP O\u00dc\",\"alternateName\":\"KaminaKeskus\",\"url\":\"https:\\\/\\\/www.kaminakeskus.ee\\\/\",\"logo\":{\"@type\":\"ImageObject\",\"inLanguage\":\"fi-FI\",\"@id\":\"https:\\\/\\\/www.kaminakeskus.ee\\\/fi\\\/#\\\/schema\\\/logo\\\/image\\\/\",\"url\":\"https:\\\/\\\/www.kaminakeskus.ee\\\/wp-content\\\/uploads\\\/2026\\\/02\\\/Kaminakeskus-logo-1-1.jpg\",\"contentUrl\":\"https:\\\/\\\/www.kaminakeskus.ee\\\/wp-content\\\/uploads\\\/2026\\\/02\\\/Kaminakeskus-logo-1-1.jpg\",\"width\":2068,\"height\":532,\"caption\":\"R\u00e4ndr\u00fc\u00fctel HP O\u00dc\"},\"image\":{\"@id\":\"https:\\\/\\\/www.kaminakeskus.ee\\\/fi\\\/#\\\/schema\\\/logo\\\/image\\\/\"},\"sameAs\":[\"https:\\\/\\\/www.facebook.com\\\/kaminakeskus\\\/yoast\"],\"description\":\"Sales of fireplaces, chimneys and related goods. Kaminate, ahjude, pliitide, korstnate ja nendega seotud toodete m\u00fc\u00fck.\",\"legalName\":\"R\u00e4ndr\u00fc\u00fctel HP O\u00dc\",\"foundingDate\":\"1997-05-13\",\"leiCode\":\"9845007FC4HB963C8D65\",\"numberOfEmployees\":{\"@type\":\"QuantitativeValue\",\"minValue\":\"1\",\"maxValue\":\"10\"},\"telephone\":[\"+372 5543239\",\"+372 58812360\"],\"contactPoint\":{\"@type\":\"ContactPoint\",\"telephone\":\"+372 5543239\",\"email\":\"kaminakeskus@gmail.com\"},\"email\":\"kaminakeskus@gmail.com\",\"vatID\":\"EE100831739\",\"taxID\":\"10208374\"},{\"@type\":\"Person\",\"@id\":\"https:\\\/\\\/www.kaminakeskus.ee\\\/fi\\\/#\\\/schema\\\/person\\\/360e594b62899a19144add9c1b52223a\",\"name\":\"Hannes Puu\",\"image\":{\"@type\":\"ImageObject\",\"inLanguage\":\"fi-FI\",\"@id\":\"https:\\\/\\\/secure.gravatar.com\\\/avatar\\\/b66148e304070f9a285de3d83f91b79224ed0f2b2026921db92893d72ecc95eb?s=96&d=mm&r=g\",\"url\":\"https:\\\/\\\/secure.gravatar.com\\\/avatar\\\/b66148e304070f9a285de3d83f91b79224ed0f2b2026921db92893d72ecc95eb?s=96&d=mm&r=g\",\"contentUrl\":\"https:\\\/\\\/secure.gravatar.com\\\/avatar\\\/b66148e304070f9a285de3d83f91b79224ed0f2b2026921db92893d72ecc95eb?s=96&d=mm&r=g\",\"caption\":\"Hannes Puu\"},\"sameAs\":[\"http:\\\/\\\/www.kaminakeskus.ee\"]}]}<\/script>\n<!-- \/ Yoast SEO Premium plugin. -->","yoast_head_json":{"title":"Saunakorstna komplekt 2.5m - Kaminakeskus | Kaminad, Ahjud, Pliidid, Saunaahjud, Korstnad, Katlad","description":"Isoleeritud toru D115\/220 L-1m Isoleeritud toru D115\/220 L-0,5m Korstna l\u00f5petus\/m\u00fcts Korstna adapter Suitsutoru D115 L-1m Sarika\/vahelae kinnitus Katteplekk l\u00e4biviigule Universaalne katusekatik","robots":{"index":"index","follow":"follow","max-snippet":"max-snippet:-1","max-image-preview":"max-image-preview:large","max-video-preview":"max-video-preview:-1"},"canonical":"https:\/\/www.kaminakeskus.ee\/fi\/saunakorstna-komplekt-2-5m\/","og_locale":"fi_FI","og_type":"article","og_title":"Saunakorstna komplekt 2.5m - Kaminakeskus | Kaminad, Ahjud, Pliidid, Saunaahjud, Korstnad, Katlad","og_description":"Isoleeritud toru D115\/220 L-1m Isoleeritud toru D115\/220 L-0,5m Korstna l\u00f5petus\/m\u00fcts Korstna adapter Suitsutoru D115 L-1m Sarika\/vahelae kinnitus Katteplekk l\u00e4biviigule Universaalne katusekatik","og_url":"https:\/\/www.kaminakeskus.ee\/fi\/saunakorstna-komplekt-2-5m\/","og_site_name":"Kaminakeskus | Kaminad, Ahjud, Pliidid, Saunaahjud, Korstnad, Katlad","article_publisher":"https:\/\/www.facebook.com\/kaminakeskus\/yoast","article_published_time":"2026-01-20T14:27:25+00:00","article_modified_time":"2026-04-01T11:03:18+00:00","og_image":[{"width":864,"height":1232,"url":"https:\/\/www.kaminakeskus.ee\/wp-content\/uploads\/2026\/01\/Saunakorstna-pakkumine-1.jpg","type":"image\/jpeg"}],"author":"Hannes Puu","twitter_card":"summary_large_image","twitter_misc":{"Written by":"Hannes Puu"},"schema":{"@context":"https:\/\/schema.org","@graph":[{"@type":"Article","@id":"https:\/\/www.kaminakeskus.ee\/fi\/saunakorstna-komplekt-2-5m\/#article","isPartOf":{"@id":"https:\/\/www.kaminakeskus.ee\/fi\/saunakorstna-komplekt-2-5m\/"},"author":{"name":"Hannes Puu","@id":"https:\/\/www.kaminakeskus.ee\/fi\/#\/schema\/person\/360e594b62899a19144add9c1b52223a"},"headline":"Saunakorstna komplekt 2.5m","datePublished":"2026-01-20T14:27:25+00:00","dateModified":"2026-04-01T11:03:18+00:00","mainEntityOfPage":{"@id":"https:\/\/www.kaminakeskus.ee\/fi\/saunakorstna-komplekt-2-5m\/"},"wordCount":61,"publisher":{"@id":"https:\/\/www.kaminakeskus.ee\/fi\/#organization"},"image":{"@id":"https:\/\/www.kaminakeskus.ee\/fi\/saunakorstna-komplekt-2-5m\/#primaryimage"},"thumbnailUrl":"https:\/\/www.kaminakeskus.ee\/wp-content\/uploads\/2026\/01\/Saunakorstna-pakkumine-1-210x300.jpg","articleSection":["Savupiippu","Savupiiput DM chimney","Takat"],"inLanguage":"fi-FI","copyrightYear":"2026","copyrightHolder":{"@id":"https:\/\/www.kaminakeskus.ee\/#organization"}},{"@type":"WebPage","@id":"https:\/\/www.kaminakeskus.ee\/fi\/saunakorstna-komplekt-2-5m\/","url":"https:\/\/www.kaminakeskus.ee\/fi\/saunakorstna-komplekt-2-5m\/","name":"Saunakorstna komplekt 2.5m - Kaminakeskus | Kaminad, Ahjud, Pliidid, Saunaahjud, Korstnad, Katlad","isPartOf":{"@id":"https:\/\/www.kaminakeskus.ee\/fi\/#website"},"primaryImageOfPage":{"@id":"https:\/\/www.kaminakeskus.ee\/fi\/saunakorstna-komplekt-2-5m\/#primaryimage"},"image":{"@id":"https:\/\/www.kaminakeskus.ee\/fi\/saunakorstna-komplekt-2-5m\/#primaryimage"},"thumbnailUrl":"https:\/\/www.kaminakeskus.ee\/wp-content\/uploads\/2026\/01\/Saunakorstna-pakkumine-1-210x300.jpg","datePublished":"2026-01-20T14:27:25+00:00","dateModified":"2026-04-01T11:03:18+00:00","description":"Isoleeritud toru D115\/220 L-1m Isoleeritud toru D115\/220 L-0,5m Korstna l\u00f5petus\/m\u00fcts Korstna adapter Suitsutoru D115 L-1m Sarika\/vahelae kinnitus Katteplekk l\u00e4biviigule Universaalne katusekatik","breadcrumb":{"@id":"https:\/\/www.kaminakeskus.ee\/fi\/saunakorstna-komplekt-2-5m\/#breadcrumb"},"inLanguage":"fi-FI","potentialAction":[{"@type":"ReadAction","target":["https:\/\/www.kaminakeskus.ee\/fi\/saunakorstna-komplekt-2-5m\/"]}]},{"@type":"ImageObject","inLanguage":"fi-FI","@id":"https:\/\/www.kaminakeskus.ee\/fi\/saunakorstna-komplekt-2-5m\/#primaryimage","url":"https:\/\/www.kaminakeskus.ee\/wp-content\/uploads\/2026\/01\/Saunakorstna-pakkumine-1-210x300.jpg","contentUrl":"https:\/\/www.kaminakeskus.ee\/wp-content\/uploads\/2026\/01\/Saunakorstna-pakkumine-1-210x300.jpg"},{"@type":"BreadcrumbList","@id":"https:\/\/www.kaminakeskus.ee\/fi\/saunakorstna-komplekt-2-5m\/#breadcrumb","itemListElement":[{"@type":"ListItem","position":1,"name":"Home","item":"https:\/\/www.kaminakeskus.ee\/fi\/"},{"@type":"ListItem","position":2,"name":"Saunakorstna komplekt 2.5m"}]},{"@type":"WebSite","@id":"https:\/\/www.kaminakeskus.ee\/fi\/#website","url":"https:\/\/www.kaminakeskus.ee\/fi\/","name":"Kaminakeskus | Kaminad, Ahjud, Pliidid, Saunaahjud, Korstnad, Korsten, Moodulkorsten, Katlad","description":"Kamin Kaminad Ahi Ahjud Pliit Pliidid Korstnad Katlad","publisher":{"@id":"https:\/\/www.kaminakeskus.ee\/fi\/#organization"},"potentialAction":[{"@type":"SearchAction","target":{"@type":"EntryPoint","urlTemplate":"https:\/\/www.kaminakeskus.ee\/fi\/?s={search_term_string}"},"query-input":{"@type":"PropertyValueSpecification","valueRequired":true,"valueName":"search_term_string"}}],"inLanguage":"fi-FI"},{"@type":["Organization","Place"],"@id":"https:\/\/www.kaminakeskus.ee\/fi\/#organization","name":"R\u00e4ndr\u00fc\u00fctel HP O\u00dc","alternateName":"KaminaKeskus","url":"https:\/\/www.kaminakeskus.ee\/","logo":{"@type":"ImageObject","inLanguage":"fi-FI","@id":"https:\/\/www.kaminakeskus.ee\/fi\/#\/schema\/logo\/image\/","url":"https:\/\/www.kaminakeskus.ee\/wp-content\/uploads\/2026\/02\/Kaminakeskus-logo-1-1.jpg","contentUrl":"https:\/\/www.kaminakeskus.ee\/wp-content\/uploads\/2026\/02\/Kaminakeskus-logo-1-1.jpg","width":2068,"height":532,"caption":"R\u00e4ndr\u00fc\u00fctel HP O\u00dc"},"image":{"@id":"https:\/\/www.kaminakeskus.ee\/fi\/#\/schema\/logo\/image\/"},"sameAs":["https:\/\/www.facebook.com\/kaminakeskus\/yoast"],"description":"Sales of fireplaces, chimneys and related goods. Kaminate, ahjude, pliitide, korstnate ja nendega seotud toodete m\u00fc\u00fck.","legalName":"R\u00e4ndr\u00fc\u00fctel HP O\u00dc","foundingDate":"1997-05-13","leiCode":"9845007FC4HB963C8D65","numberOfEmployees":{"@type":"QuantitativeValue","minValue":"1","maxValue":"10"},"telephone":["+372 5543239","+372 58812360"],"contactPoint":{"@type":"ContactPoint","telephone":"+372 5543239","email":"kaminakeskus@gmail.com"},"email":"kaminakeskus@gmail.com","vatID":"EE100831739","taxID":"10208374"},{"@type":"Person","@id":"https:\/\/www.kaminakeskus.ee\/fi\/#\/schema\/person\/360e594b62899a19144add9c1b52223a","name":"Hannes Puu","image":{"@type":"ImageObject","inLanguage":"fi-FI","@id":"https:\/\/secure.gravatar.com\/avatar\/b66148e304070f9a285de3d83f91b79224ed0f2b2026921db92893d72ecc95eb?s=96&d=mm&r=g","url":"https:\/\/secure.gravatar.com\/avatar\/b66148e304070f9a285de3d83f91b79224ed0f2b2026921db92893d72ecc95eb?s=96&d=mm&r=g","contentUrl":"https:\/\/secure.gravatar.com\/avatar\/b66148e304070f9a285de3d83f91b79224ed0f2b2026921db92893d72ecc95eb?s=96&d=mm&r=g","caption":"Hannes Puu"},"sameAs":["http:\/\/www.kaminakeskus.ee"]}]}},"_links":{"self":[{"href":"https:\/\/www.kaminakeskus.ee\/fi\/wp-json\/wp\/v2\/posts\/85373","targetHints":{"allow":["GET"]}}],"collection":[{"href":"https:\/\/www.kaminakeskus.ee\/fi\/wp-json\/wp\/v2\/posts"}],"about":[{"href":"https:\/\/www.kaminakeskus.ee\/fi\/wp-json\/wp\/v2\/types\/post"}],"author":[{"embeddable":true,"href":"https:\/\/www.kaminakeskus.ee\/fi\/wp-json\/wp\/v2\/users\/3"}],"replies":[{"embeddable":true,"href":"https:\/\/www.kaminakeskus.ee\/fi\/wp-json\/wp\/v2\/comments?post=85373"}],"version-history":[{"count":7,"href":"https:\/\/www.kaminakeskus.ee\/fi\/wp-json\/wp\/v2\/posts\/85373\/revisions"}],"predecessor-version":[{"id":87540,"href":"https:\/\/www.kaminakeskus.ee\/fi\/wp-json\/wp\/v2\/posts\/85373\/revisions\/87540"}],"wp:attachment":[{"href":"https:\/\/www.kaminakeskus.ee\/fi\/wp-json\/wp\/v2\/media?parent=85373"}],"wp:term":[{"taxonomy":"category","embeddable":true,"href":"https:\/\/www.kaminakeskus.ee\/fi\/wp-json\/wp\/v2\/categories?post=85373"},{"taxonomy":"post_tag","embeddable":true,"href":"https:\/\/www.kaminakeskus.ee\/fi\/wp-json\/wp\/v2\/tags?post=85373"}],"curies":[{"name":"wp","href":"https:\/\/api.w.org\/{rel}","templated":true}]}}