{"id":45567,"date":"2020-09-01T11:06:36","date_gmt":"2020-09-01T11:06:36","guid":{"rendered":"https:\/\/test.kaminakeskus.ee\/plits-plamen-calorex-60\/"},"modified":"2026-03-09T12:13:17","modified_gmt":"2026-03-09T12:13:17","slug":"plits-plamen-calorex-60","status":"publish","type":"post","link":"https:\/\/www.kaminakeskus.ee\/lv\/plits-plamen-calorex-60\/","title":{"rendered":"Pl\u012bts Plamen Calorex 100"},"content":{"rendered":"<div id=\"attachment_86465\" style=\"width: 120px\" class=\"wp-caption aligncenter\"><a href=\"https:\/\/www.kaminakeskus.ee\/wp-content\/uploads\/2020\/09\/puupliit-plamen-Calorex-100-1124x1536-1-110x150.png\"><img decoding=\"async\" aria-describedby=\"caption-attachment-86465\" class=\"wp-image-86463 size-thumbnail\" title=\"Malkas kr\u0101sns Plamen Calorex 100\" src=\"https:\/\/www.kaminakeskus.ee\/wp-content\/uploads\/2020\/09\/puupliit-plamen-Calorex-100-1124x1536-1-110x150.png\" alt=\"Malkas kr\u0101sns Plamen Calorex 100\" width=\"110\" height=\"150\" srcset=\"https:\/\/www.kaminakeskus.ee\/wp-content\/uploads\/2020\/09\/puupliit-plamen-Calorex-100-1124x1536-1-110x150.png 110w, https:\/\/www.kaminakeskus.ee\/wp-content\/uploads\/2020\/09\/puupliit-plamen-Calorex-100-1124x1536-1-200x273.png 200w, https:\/\/www.kaminakeskus.ee\/wp-content\/uploads\/2020\/09\/puupliit-plamen-Calorex-100-1124x1536-1-220x300.png 220w, https:\/\/www.kaminakeskus.ee\/wp-content\/uploads\/2020\/09\/puupliit-plamen-Calorex-100-1124x1536-1-400x547.png 400w, https:\/\/www.kaminakeskus.ee\/wp-content\/uploads\/2020\/09\/puupliit-plamen-Calorex-100-1124x1536-1-600x820.png 600w, https:\/\/www.kaminakeskus.ee\/wp-content\/uploads\/2020\/09\/puupliit-plamen-Calorex-100-1124x1536-1-749x1024.png 749w, https:\/\/www.kaminakeskus.ee\/wp-content\/uploads\/2020\/09\/puupliit-plamen-Calorex-100-1124x1536-1-768x1050.png 768w, https:\/\/www.kaminakeskus.ee\/wp-content\/uploads\/2020\/09\/puupliit-plamen-Calorex-100-1124x1536-1-800x1093.png 800w, https:\/\/www.kaminakeskus.ee\/wp-content\/uploads\/2020\/09\/puupliit-plamen-Calorex-100-1124x1536-1.png 1124w\" sizes=\"(max-width: 110px) 100vw, 110px\" \/><\/a><p id=\"caption-attachment-86465\" class=\"wp-caption-text\"><strong>Malkas kr\u0101sns Calorex 100<\/strong><\/p><\/div>\n<p style=\"text-align: center;\">Jauda: 7,5 kW<br \/>\n Augstums: 895 mm<br \/>\n Platums: 585 mm<br \/>\n Dzi\u013cums: 645 mm<br \/>\n D\u016bmvada diametrs: 120 mm<br \/>\n Svars: 114 kg<br \/>\n Asmens garums: 30 cm<br \/>\n <strong><del>Cena: 1297 EUR<\/del><br \/>\n <span style=\"color: #ff0000;\">Cena: 1010 EUR<\/span><\/strong><\/p>\n<p>&nbsp;<\/p>\n","protected":false},"excerpt":{"rendered":"<p>Jauda: 7,5 kW Augstums: 895 mm Platums: 585 mm Dzi\u013cums:  [&#8230;]<\/p>\n","protected":false},"author":3,"featured_media":0,"comment_status":"closed","ping_status":"closed","sticky":false,"template":"","format":"standard","meta":{"footnotes":""},"categories":[1182,1203,1216],"tags":[],"class_list":["post-45567","post","type-post","status-publish","format-standard","hentry","category-plitis","category-plitis-lv","category-plitis-plamen"],"yoast_head":"<!-- This site is optimized with the Yoast SEO Premium plugin v27.5 (Yoast SEO v27.5) - https:\/\/yoast.com\/product\/yoast-seo-premium-wordpress\/ -->\n<title>Pl\u012bts Plamen Calorex 100 - Kaminakeskus | Kaminad, Ahjud, Pliidid, Saunaahjud, Korstnad, Katlad<\/title>\n<meta name=\"description\" content=\"Jauda: 7,5 kW Augstums: 895 mm Platums: 585 mm Dzi\u013cums: 645 mm D\u016bmvada diametrs: 120 mm Svars: 114 kg D\u016bmvada garums: 30 cm\" \/>\n<meta name=\"robots\" content=\"index, follow, max-snippet:-1, max-image-preview:large, max-video-preview:-1\" \/>\n<link rel=\"canonical\" href=\"https:\/\/www.kaminakeskus.ee\/lv\/plits-plamen-calorex-60\/\" \/>\n<meta property=\"og:locale\" content=\"lv_LV\" \/>\n<meta property=\"og:type\" content=\"article\" \/>\n<meta property=\"og:title\" content=\"Pl\u012bts Plamen Calorex 100 - Kaminakeskus | Kaminad, Ahjud, Pliidid, Saunaahjud, Korstnad, Katlad\" \/>\n<meta property=\"og:description\" content=\"Jauda: 7,5 kW Augstums: 895 mm Platums: 585 mm Dzi\u013cums: 645 mm D\u016bmvada diametrs: 120 mm Svars: 114 kg D\u016bmvada garums: 30 cm\" \/>\n<meta property=\"og:url\" content=\"https:\/\/www.kaminakeskus.ee\/lv\/plits-plamen-calorex-60\/\" \/>\n<meta property=\"og:site_name\" content=\"Kaminakeskus | Kaminad, Ahjud, Pliidid, Saunaahjud, Korstnad, Katlad\" \/>\n<meta property=\"article:publisher\" content=\"https:\/\/www.facebook.com\/kaminakeskus\/yoast\" \/>\n<meta property=\"article:published_time\" content=\"2020-09-01T11:06:36+00:00\" \/>\n<meta property=\"article:modified_time\" content=\"2026-03-09T12:13:17+00:00\" \/>\n<meta property=\"og:image\" content=\"https:\/\/www.kaminakeskus.ee\/wp-content\/uploads\/2020\/09\/puupliit-plamen-Calorex-100-1124x1536-1.png\" \/>\n\t<meta property=\"og:image:width\" content=\"1124\" \/>\n\t<meta property=\"og:image:height\" content=\"1536\" \/>\n\t<meta property=\"og:image:type\" content=\"image\/png\" \/>\n<meta name=\"author\" content=\"Hannes Puu\" \/>\n<meta name=\"twitter:card\" content=\"summary_large_image\" \/>\n<meta name=\"twitter:label1\" content=\"Written by\" \/>\n\t<meta name=\"twitter:data1\" content=\"Hannes Puu\" \/>\n<script type=\"application\/ld+json\" class=\"yoast-schema-graph\">{\"@context\":\"https:\\\/\\\/schema.org\",\"@graph\":[{\"@type\":\"Article\",\"@id\":\"https:\\\/\\\/www.kaminakeskus.ee\\\/lv\\\/plits-plamen-calorex-60\\\/#article\",\"isPartOf\":{\"@id\":\"https:\\\/\\\/www.kaminakeskus.ee\\\/lv\\\/plits-plamen-calorex-60\\\/\"},\"author\":{\"name\":\"Hannes Puu\",\"@id\":\"https:\\\/\\\/www.kaminakeskus.ee\\\/lv\\\/#\\\/schema\\\/person\\\/360e594b62899a19144add9c1b52223a\"},\"headline\":\"Pl\u012bts Plamen Calorex 100\",\"datePublished\":\"2020-09-01T11:06:36+00:00\",\"dateModified\":\"2026-03-09T12:13:17+00:00\",\"mainEntityOfPage\":{\"@id\":\"https:\\\/\\\/www.kaminakeskus.ee\\\/lv\\\/plits-plamen-calorex-60\\\/\"},\"wordCount\":38,\"publisher\":{\"@id\":\"https:\\\/\\\/www.kaminakeskus.ee\\\/lv\\\/#organization\"},\"image\":{\"@id\":\"https:\\\/\\\/www.kaminakeskus.ee\\\/lv\\\/plits-plamen-calorex-60\\\/#primaryimage\"},\"thumbnailUrl\":\"https:\\\/\\\/www.kaminakeskus.ee\\\/wp-content\\\/uploads\\\/2020\\\/09\\\/puupliit-plamen-Calorex-100-1124x1536-1-110x150.png\",\"articleSection\":[\"Pl\u012btis\",\"Pl\u012btis\",\"Pl\u012btis Plamen\"],\"inLanguage\":\"lv-LV\",\"copyrightYear\":\"2020\",\"copyrightHolder\":{\"@id\":\"https:\\\/\\\/www.kaminakeskus.ee\\\/#organization\"}},{\"@type\":\"WebPage\",\"@id\":\"https:\\\/\\\/www.kaminakeskus.ee\\\/lv\\\/plits-plamen-calorex-60\\\/\",\"url\":\"https:\\\/\\\/www.kaminakeskus.ee\\\/lv\\\/plits-plamen-calorex-60\\\/\",\"name\":\"Pl\u012bts Plamen Calorex 100 - Kaminakeskus | Kaminad, Ahjud, Pliidid, Saunaahjud, Korstnad, Katlad\",\"isPartOf\":{\"@id\":\"https:\\\/\\\/www.kaminakeskus.ee\\\/lv\\\/#website\"},\"primaryImageOfPage\":{\"@id\":\"https:\\\/\\\/www.kaminakeskus.ee\\\/lv\\\/plits-plamen-calorex-60\\\/#primaryimage\"},\"image\":{\"@id\":\"https:\\\/\\\/www.kaminakeskus.ee\\\/lv\\\/plits-plamen-calorex-60\\\/#primaryimage\"},\"thumbnailUrl\":\"https:\\\/\\\/www.kaminakeskus.ee\\\/wp-content\\\/uploads\\\/2020\\\/09\\\/puupliit-plamen-Calorex-100-1124x1536-1-110x150.png\",\"datePublished\":\"2020-09-01T11:06:36+00:00\",\"dateModified\":\"2026-03-09T12:13:17+00:00\",\"description\":\"Jauda: 7,5 kW Augstums: 895 mm Platums: 585 mm Dzi\u013cums: 645 mm D\u016bmvada diametrs: 120 mm Svars: 114 kg D\u016bmvada garums: 30 cm\",\"breadcrumb\":{\"@id\":\"https:\\\/\\\/www.kaminakeskus.ee\\\/lv\\\/plits-plamen-calorex-60\\\/#breadcrumb\"},\"inLanguage\":\"lv-LV\",\"potentialAction\":[{\"@type\":\"ReadAction\",\"target\":[\"https:\\\/\\\/www.kaminakeskus.ee\\\/lv\\\/plits-plamen-calorex-60\\\/\"]}]},{\"@type\":\"ImageObject\",\"inLanguage\":\"lv-LV\",\"@id\":\"https:\\\/\\\/www.kaminakeskus.ee\\\/lv\\\/plits-plamen-calorex-60\\\/#primaryimage\",\"url\":\"https:\\\/\\\/www.kaminakeskus.ee\\\/wp-content\\\/uploads\\\/2020\\\/09\\\/puupliit-plamen-Calorex-100-1124x1536-1-110x150.png\",\"contentUrl\":\"https:\\\/\\\/www.kaminakeskus.ee\\\/wp-content\\\/uploads\\\/2020\\\/09\\\/puupliit-plamen-Calorex-100-1124x1536-1-110x150.png\"},{\"@type\":\"BreadcrumbList\",\"@id\":\"https:\\\/\\\/www.kaminakeskus.ee\\\/lv\\\/plits-plamen-calorex-60\\\/#breadcrumb\",\"itemListElement\":[{\"@type\":\"ListItem\",\"position\":1,\"name\":\"Home\",\"item\":\"https:\\\/\\\/www.kaminakeskus.ee\\\/lv\\\/\"},{\"@type\":\"ListItem\",\"position\":2,\"name\":\"Pl\u012bts Plamen Calorex 100\"}]},{\"@type\":\"WebSite\",\"@id\":\"https:\\\/\\\/www.kaminakeskus.ee\\\/lv\\\/#website\",\"url\":\"https:\\\/\\\/www.kaminakeskus.ee\\\/lv\\\/\",\"name\":\"Kaminakeskus | Kaminad, Ahjud, Pliidid, Saunaahjud, Korstnad, Korsten, Moodulkorsten, Katlad\",\"description\":\"Kamin Kaminad Ahi Ahjud Pliit Pliidid Korstnad Katlad\",\"publisher\":{\"@id\":\"https:\\\/\\\/www.kaminakeskus.ee\\\/lv\\\/#organization\"},\"potentialAction\":[{\"@type\":\"SearchAction\",\"target\":{\"@type\":\"EntryPoint\",\"urlTemplate\":\"https:\\\/\\\/www.kaminakeskus.ee\\\/lv\\\/?s={search_term_string}\"},\"query-input\":{\"@type\":\"PropertyValueSpecification\",\"valueRequired\":true,\"valueName\":\"search_term_string\"}}],\"inLanguage\":\"lv-LV\"},{\"@type\":[\"Organization\",\"Place\"],\"@id\":\"https:\\\/\\\/www.kaminakeskus.ee\\\/lv\\\/#organization\",\"name\":\"R\u00e4ndr\u00fc\u00fctel HP O\u00dc\",\"alternateName\":\"KaminaKeskus\",\"url\":\"https:\\\/\\\/www.kaminakeskus.ee\\\/\",\"logo\":{\"@type\":\"ImageObject\",\"inLanguage\":\"lv-LV\",\"@id\":\"https:\\\/\\\/www.kaminakeskus.ee\\\/lv\\\/#\\\/schema\\\/logo\\\/image\\\/\",\"url\":\"https:\\\/\\\/www.kaminakeskus.ee\\\/wp-content\\\/uploads\\\/2026\\\/02\\\/Kaminakeskus-logo-1-1.jpg\",\"contentUrl\":\"https:\\\/\\\/www.kaminakeskus.ee\\\/wp-content\\\/uploads\\\/2026\\\/02\\\/Kaminakeskus-logo-1-1.jpg\",\"width\":2068,\"height\":532,\"caption\":\"R\u00e4ndr\u00fc\u00fctel HP O\u00dc\"},\"image\":{\"@id\":\"https:\\\/\\\/www.kaminakeskus.ee\\\/lv\\\/#\\\/schema\\\/logo\\\/image\\\/\"},\"sameAs\":[\"https:\\\/\\\/www.facebook.com\\\/kaminakeskus\\\/yoast\"],\"description\":\"Sales of fireplaces, chimneys and related goods. Kaminate, ahjude, pliitide, korstnate ja nendega seotud toodete m\u00fc\u00fck.\",\"legalName\":\"R\u00e4ndr\u00fc\u00fctel HP O\u00dc\",\"foundingDate\":\"1997-05-13\",\"leiCode\":\"9845007FC4HB963C8D65\",\"numberOfEmployees\":{\"@type\":\"QuantitativeValue\",\"minValue\":\"1\",\"maxValue\":\"10\"},\"telephone\":[\"+372 5543239\",\"+372 58812360\"],\"contactPoint\":{\"@type\":\"ContactPoint\",\"telephone\":\"+372 5543239\",\"email\":\"kaminakeskus@gmail.com\"},\"email\":\"kaminakeskus@gmail.com\",\"vatID\":\"EE100831739\",\"taxID\":\"10208374\"},{\"@type\":\"Person\",\"@id\":\"https:\\\/\\\/www.kaminakeskus.ee\\\/lv\\\/#\\\/schema\\\/person\\\/360e594b62899a19144add9c1b52223a\",\"name\":\"Hannes Puu\",\"image\":{\"@type\":\"ImageObject\",\"inLanguage\":\"lv-LV\",\"@id\":\"https:\\\/\\\/secure.gravatar.com\\\/avatar\\\/b66148e304070f9a285de3d83f91b79224ed0f2b2026921db92893d72ecc95eb?s=96&d=mm&r=g\",\"url\":\"https:\\\/\\\/secure.gravatar.com\\\/avatar\\\/b66148e304070f9a285de3d83f91b79224ed0f2b2026921db92893d72ecc95eb?s=96&d=mm&r=g\",\"contentUrl\":\"https:\\\/\\\/secure.gravatar.com\\\/avatar\\\/b66148e304070f9a285de3d83f91b79224ed0f2b2026921db92893d72ecc95eb?s=96&d=mm&r=g\",\"caption\":\"Hannes Puu\"},\"sameAs\":[\"http:\\\/\\\/www.kaminakeskus.ee\"]}]}<\/script>\n<!-- \/ Yoast SEO Premium plugin. -->","yoast_head_json":{"title":"Pl\u012bts Plamen Calorex 100 - Kaminakeskus | Kaminad, Ahjud, Pliidid, Saunaahjud, Korstnad, Katlad","description":"Jauda: 7,5 kW Augstums: 895 mm Platums: 585 mm Dzi\u013cums: 645 mm D\u016bmvada diametrs: 120 mm Svars: 114 kg D\u016bmvada garums: 30 cm","robots":{"index":"index","follow":"follow","max-snippet":"max-snippet:-1","max-image-preview":"max-image-preview:large","max-video-preview":"max-video-preview:-1"},"canonical":"https:\/\/www.kaminakeskus.ee\/lv\/plits-plamen-calorex-60\/","og_locale":"lv_LV","og_type":"article","og_title":"Pl\u012bts Plamen Calorex 100 - Kaminakeskus | Kaminad, Ahjud, Pliidid, Saunaahjud, Korstnad, Katlad","og_description":"Jauda: 7,5 kW Augstums: 895 mm Platums: 585 mm Dzi\u013cums: 645 mm D\u016bmvada diametrs: 120 mm Svars: 114 kg D\u016bmvada garums: 30 cm","og_url":"https:\/\/www.kaminakeskus.ee\/lv\/plits-plamen-calorex-60\/","og_site_name":"Kaminakeskus | Kaminad, Ahjud, Pliidid, Saunaahjud, Korstnad, Katlad","article_publisher":"https:\/\/www.facebook.com\/kaminakeskus\/yoast","article_published_time":"2020-09-01T11:06:36+00:00","article_modified_time":"2026-03-09T12:13:17+00:00","og_image":[{"width":1124,"height":1536,"url":"https:\/\/www.kaminakeskus.ee\/wp-content\/uploads\/2020\/09\/puupliit-plamen-Calorex-100-1124x1536-1.png","type":"image\/png"}],"author":"Hannes Puu","twitter_card":"summary_large_image","twitter_misc":{"Written by":"Hannes Puu"},"schema":{"@context":"https:\/\/schema.org","@graph":[{"@type":"Article","@id":"https:\/\/www.kaminakeskus.ee\/lv\/plits-plamen-calorex-60\/#article","isPartOf":{"@id":"https:\/\/www.kaminakeskus.ee\/lv\/plits-plamen-calorex-60\/"},"author":{"name":"Hannes Puu","@id":"https:\/\/www.kaminakeskus.ee\/lv\/#\/schema\/person\/360e594b62899a19144add9c1b52223a"},"headline":"Pl\u012bts Plamen Calorex 100","datePublished":"2020-09-01T11:06:36+00:00","dateModified":"2026-03-09T12:13:17+00:00","mainEntityOfPage":{"@id":"https:\/\/www.kaminakeskus.ee\/lv\/plits-plamen-calorex-60\/"},"wordCount":38,"publisher":{"@id":"https:\/\/www.kaminakeskus.ee\/lv\/#organization"},"image":{"@id":"https:\/\/www.kaminakeskus.ee\/lv\/plits-plamen-calorex-60\/#primaryimage"},"thumbnailUrl":"https:\/\/www.kaminakeskus.ee\/wp-content\/uploads\/2020\/09\/puupliit-plamen-Calorex-100-1124x1536-1-110x150.png","articleSection":["Pl\u012btis","Pl\u012btis","Pl\u012btis Plamen"],"inLanguage":"lv-LV","copyrightYear":"2020","copyrightHolder":{"@id":"https:\/\/www.kaminakeskus.ee\/#organization"}},{"@type":"WebPage","@id":"https:\/\/www.kaminakeskus.ee\/lv\/plits-plamen-calorex-60\/","url":"https:\/\/www.kaminakeskus.ee\/lv\/plits-plamen-calorex-60\/","name":"Pl\u012bts Plamen Calorex 100 - Kaminakeskus | Kaminad, Ahjud, Pliidid, Saunaahjud, Korstnad, Katlad","isPartOf":{"@id":"https:\/\/www.kaminakeskus.ee\/lv\/#website"},"primaryImageOfPage":{"@id":"https:\/\/www.kaminakeskus.ee\/lv\/plits-plamen-calorex-60\/#primaryimage"},"image":{"@id":"https:\/\/www.kaminakeskus.ee\/lv\/plits-plamen-calorex-60\/#primaryimage"},"thumbnailUrl":"https:\/\/www.kaminakeskus.ee\/wp-content\/uploads\/2020\/09\/puupliit-plamen-Calorex-100-1124x1536-1-110x150.png","datePublished":"2020-09-01T11:06:36+00:00","dateModified":"2026-03-09T12:13:17+00:00","description":"Jauda: 7,5 kW Augstums: 895 mm Platums: 585 mm Dzi\u013cums: 645 mm D\u016bmvada diametrs: 120 mm Svars: 114 kg D\u016bmvada garums: 30 cm","breadcrumb":{"@id":"https:\/\/www.kaminakeskus.ee\/lv\/plits-plamen-calorex-60\/#breadcrumb"},"inLanguage":"lv-LV","potentialAction":[{"@type":"ReadAction","target":["https:\/\/www.kaminakeskus.ee\/lv\/plits-plamen-calorex-60\/"]}]},{"@type":"ImageObject","inLanguage":"lv-LV","@id":"https:\/\/www.kaminakeskus.ee\/lv\/plits-plamen-calorex-60\/#primaryimage","url":"https:\/\/www.kaminakeskus.ee\/wp-content\/uploads\/2020\/09\/puupliit-plamen-Calorex-100-1124x1536-1-110x150.png","contentUrl":"https:\/\/www.kaminakeskus.ee\/wp-content\/uploads\/2020\/09\/puupliit-plamen-Calorex-100-1124x1536-1-110x150.png"},{"@type":"BreadcrumbList","@id":"https:\/\/www.kaminakeskus.ee\/lv\/plits-plamen-calorex-60\/#breadcrumb","itemListElement":[{"@type":"ListItem","position":1,"name":"Home","item":"https:\/\/www.kaminakeskus.ee\/lv\/"},{"@type":"ListItem","position":2,"name":"Pl\u012bts Plamen Calorex 100"}]},{"@type":"WebSite","@id":"https:\/\/www.kaminakeskus.ee\/lv\/#website","url":"https:\/\/www.kaminakeskus.ee\/lv\/","name":"Kaminakeskus | Kaminad, Ahjud, Pliidid, Saunaahjud, Korstnad, Korsten, Moodulkorsten, Katlad","description":"Kamin Kaminad Ahi Ahjud Pliit Pliidid Korstnad Katlad","publisher":{"@id":"https:\/\/www.kaminakeskus.ee\/lv\/#organization"},"potentialAction":[{"@type":"SearchAction","target":{"@type":"EntryPoint","urlTemplate":"https:\/\/www.kaminakeskus.ee\/lv\/?s={search_term_string}"},"query-input":{"@type":"PropertyValueSpecification","valueRequired":true,"valueName":"search_term_string"}}],"inLanguage":"lv-LV"},{"@type":["Organization","Place"],"@id":"https:\/\/www.kaminakeskus.ee\/lv\/#organization","name":"R\u00e4ndr\u00fc\u00fctel HP O\u00dc","alternateName":"KaminaKeskus","url":"https:\/\/www.kaminakeskus.ee\/","logo":{"@type":"ImageObject","inLanguage":"lv-LV","@id":"https:\/\/www.kaminakeskus.ee\/lv\/#\/schema\/logo\/image\/","url":"https:\/\/www.kaminakeskus.ee\/wp-content\/uploads\/2026\/02\/Kaminakeskus-logo-1-1.jpg","contentUrl":"https:\/\/www.kaminakeskus.ee\/wp-content\/uploads\/2026\/02\/Kaminakeskus-logo-1-1.jpg","width":2068,"height":532,"caption":"R\u00e4ndr\u00fc\u00fctel HP O\u00dc"},"image":{"@id":"https:\/\/www.kaminakeskus.ee\/lv\/#\/schema\/logo\/image\/"},"sameAs":["https:\/\/www.facebook.com\/kaminakeskus\/yoast"],"description":"Sales of fireplaces, chimneys and related goods. Kaminate, ahjude, pliitide, korstnate ja nendega seotud toodete m\u00fc\u00fck.","legalName":"R\u00e4ndr\u00fc\u00fctel HP O\u00dc","foundingDate":"1997-05-13","leiCode":"9845007FC4HB963C8D65","numberOfEmployees":{"@type":"QuantitativeValue","minValue":"1","maxValue":"10"},"telephone":["+372 5543239","+372 58812360"],"contactPoint":{"@type":"ContactPoint","telephone":"+372 5543239","email":"kaminakeskus@gmail.com"},"email":"kaminakeskus@gmail.com","vatID":"EE100831739","taxID":"10208374"},{"@type":"Person","@id":"https:\/\/www.kaminakeskus.ee\/lv\/#\/schema\/person\/360e594b62899a19144add9c1b52223a","name":"Hannes Puu","image":{"@type":"ImageObject","inLanguage":"lv-LV","@id":"https:\/\/secure.gravatar.com\/avatar\/b66148e304070f9a285de3d83f91b79224ed0f2b2026921db92893d72ecc95eb?s=96&d=mm&r=g","url":"https:\/\/secure.gravatar.com\/avatar\/b66148e304070f9a285de3d83f91b79224ed0f2b2026921db92893d72ecc95eb?s=96&d=mm&r=g","contentUrl":"https:\/\/secure.gravatar.com\/avatar\/b66148e304070f9a285de3d83f91b79224ed0f2b2026921db92893d72ecc95eb?s=96&d=mm&r=g","caption":"Hannes Puu"},"sameAs":["http:\/\/www.kaminakeskus.ee"]}]}},"_links":{"self":[{"href":"https:\/\/www.kaminakeskus.ee\/lv\/wp-json\/wp\/v2\/posts\/45567","targetHints":{"allow":["GET"]}}],"collection":[{"href":"https:\/\/www.kaminakeskus.ee\/lv\/wp-json\/wp\/v2\/posts"}],"about":[{"href":"https:\/\/www.kaminakeskus.ee\/lv\/wp-json\/wp\/v2\/types\/post"}],"author":[{"embeddable":true,"href":"https:\/\/www.kaminakeskus.ee\/lv\/wp-json\/wp\/v2\/users\/3"}],"replies":[{"embeddable":true,"href":"https:\/\/www.kaminakeskus.ee\/lv\/wp-json\/wp\/v2\/comments?post=45567"}],"version-history":[{"count":2,"href":"https:\/\/www.kaminakeskus.ee\/lv\/wp-json\/wp\/v2\/posts\/45567\/revisions"}],"predecessor-version":[{"id":86471,"href":"https:\/\/www.kaminakeskus.ee\/lv\/wp-json\/wp\/v2\/posts\/45567\/revisions\/86471"}],"wp:attachment":[{"href":"https:\/\/www.kaminakeskus.ee\/lv\/wp-json\/wp\/v2\/media?parent=45567"}],"wp:term":[{"taxonomy":"category","embeddable":true,"href":"https:\/\/www.kaminakeskus.ee\/lv\/wp-json\/wp\/v2\/categories?post=45567"},{"taxonomy":"post_tag","embeddable":true,"href":"https:\/\/www.kaminakeskus.ee\/lv\/wp-json\/wp\/v2\/tags?post=45567"}],"curies":[{"name":"wp","href":"https:\/\/api.w.org\/{rel}","templated":true}]}}