{"id":48956,"date":"2020-08-11T13:49:53","date_gmt":"2020-08-11T13:49:53","guid":{"rendered":"https:\/\/test.kaminakeskus.ee\/kamins-carbel-rk-70-ar-koka-turetaju\/"},"modified":"2023-11-07T12:56:53","modified_gmt":"2023-11-07T12:56:53","slug":"kamins-carbel-rk-70-ar-koka-turetaju","status":"publish","type":"post","link":"https:\/\/www.kaminakeskus.ee\/lv\/kamins-carbel-rk-70-ar-koka-turetaju\/","title":{"rendered":"Kam\u012bns Carbel RI-70 ar koku tur\u0113t\u0101ju"},"content":{"rendered":"<div id=\"attachment_72023\" style=\"width: 152px\" class=\"wp-caption alignleft\"><a href=\"https:\/\/www.kaminakeskus.ee\/wp-content\/uploads\/2020\/08\/kamin-carbel-ri-70-jalaga-142x150.jpeg\"><img decoding=\"async\" aria-describedby=\"caption-attachment-72023\" class=\"size-thumbnail wp-image-72021\" src=\"https:\/\/www.kaminakeskus.ee\/wp-content\/uploads\/2020\/08\/kamin-carbel-ri-70-jalaga-142x150.jpeg\" alt=\"\" width=\"142\" height=\"150\" srcset=\"https:\/\/www.kaminakeskus.ee\/wp-content\/uploads\/2020\/08\/kamin-carbel-ri-70-jalaga-142x150.jpeg 142w, https:\/\/www.kaminakeskus.ee\/wp-content\/uploads\/2020\/08\/kamin-carbel-ri-70-jalaga-200x212.jpeg 200w, https:\/\/www.kaminakeskus.ee\/wp-content\/uploads\/2020\/08\/kamin-carbel-ri-70-jalaga-283x300.jpeg 283w, https:\/\/www.kaminakeskus.ee\/wp-content\/uploads\/2020\/08\/kamin-carbel-ri-70-jalaga.jpeg 325w\" sizes=\"(max-width: 142px) 100vw, 142px\" \/><\/a><p id=\"caption-attachment-72023\" class=\"wp-caption-text\">Kam\u012bns Carbel RI-70 ar k\u0101j\u0101m<\/p><\/div>\n<p><a href=\"https:\/\/carbel.net\/en\/ri-70-stove\/\"><strong>RI-70 ar koka tur\u0113t\u0101ju<\/strong><\/a><br \/>\nJauda: 6-12 kW<br \/>\nAugstums: 1050 mm<br \/>\nPlatums: 740 mm<br \/>\nDzi\u013cums: 420 mm<br \/>\nD\u016bme\u0146a diametrs: 150 mm<br \/>\nSvars: 85-115 kg<br \/>\n<a href=\"https:\/\/carbel.net\/wp-content\/uploads\/2022\/09\/Plano-Carbel-RI-70.pdf\">Pl\u0101ns<\/a><br \/>\n<strong>Sienas modelis: 1725 EUR<br \/>\nAr k\u0101ju: 2025 EUR<br \/>\nAr koka plauktu: 2135 EUR<\/strong><\/p>\n","protected":false},"excerpt":{"rendered":"<p>RI-70 ar koka tur\u0113t\u0101ju Jauda: 6-12 kW Augstums: 1050 mm  [&#8230;]<\/p>\n","protected":false},"author":3,"featured_media":0,"comment_status":"closed","ping_status":"closed","sticky":false,"template":"","format":"standard","meta":{"footnotes":""},"categories":[1025,1029],"tags":[],"class_list":["post-48956","post","type-post","status-publish","format-standard","hentry","category-kamini-lv","category-kamini-carbel"],"yoast_head":"<!-- This site is optimized with the Yoast SEO Premium plugin v27.5 (Yoast SEO v27.5) - https:\/\/yoast.com\/product\/yoast-seo-premium-wordpress\/ -->\n<title>Kam\u012bns Carbel RI-70 ar koku tur\u0113t\u0101ju - Kaminakeskus | Kaminad, Ahjud, Pliidid, Saunaahjud, Korstnad, Katlad<\/title>\n<meta name=\"robots\" content=\"index, follow, max-snippet:-1, max-image-preview:large, max-video-preview:-1\" \/>\n<link rel=\"canonical\" href=\"https:\/\/www.kaminakeskus.ee\/lv\/kamins-carbel-rk-70-ar-koka-turetaju\/\" \/>\n<meta property=\"og:locale\" content=\"lv_LV\" \/>\n<meta property=\"og:type\" content=\"article\" \/>\n<meta property=\"og:title\" content=\"Kam\u012bns Carbel RI-70 ar koku tur\u0113t\u0101ju - Kaminakeskus | Kaminad, Ahjud, Pliidid, Saunaahjud, Korstnad, Katlad\" \/>\n<meta property=\"og:description\" content=\"RI-70 ar koka tur\u0113t\u0101ju Jauda: 6-12 kW Augstums: 1050 mm [...]\" \/>\n<meta property=\"og:url\" content=\"https:\/\/www.kaminakeskus.ee\/lv\/kamins-carbel-rk-70-ar-koka-turetaju\/\" \/>\n<meta property=\"og:site_name\" content=\"Kaminakeskus | Kaminad, Ahjud, Pliidid, Saunaahjud, Korstnad, Katlad\" \/>\n<meta property=\"article:publisher\" content=\"https:\/\/www.facebook.com\/kaminakeskus\/yoast\" \/>\n<meta property=\"article:published_time\" content=\"2020-08-11T13:49:53+00:00\" \/>\n<meta property=\"article:modified_time\" content=\"2023-11-07T12:56:53+00:00\" \/>\n<meta property=\"og:image\" content=\"https:\/\/www.kaminakeskus.ee\/wp-content\/uploads\/2020\/08\/kamin-carbel-ri-70-jalaga-142x150.jpeg\" \/>\n<meta name=\"author\" content=\"Hannes Puu\" \/>\n<meta name=\"twitter:card\" content=\"summary_large_image\" \/>\n<meta name=\"twitter:label1\" content=\"Written by\" \/>\n\t<meta name=\"twitter:data1\" content=\"Hannes Puu\" \/>\n<script type=\"application\/ld+json\" class=\"yoast-schema-graph\">{\"@context\":\"https:\\\/\\\/schema.org\",\"@graph\":[{\"@type\":\"Article\",\"@id\":\"https:\\\/\\\/www.kaminakeskus.ee\\\/lv\\\/kamins-carbel-rk-70-ar-koka-turetaju\\\/#article\",\"isPartOf\":{\"@id\":\"https:\\\/\\\/www.kaminakeskus.ee\\\/lv\\\/kamins-carbel-rk-70-ar-koka-turetaju\\\/\"},\"author\":{\"name\":\"Hannes Puu\",\"@id\":\"https:\\\/\\\/www.kaminakeskus.ee\\\/lv\\\/#\\\/schema\\\/person\\\/360e594b62899a19144add9c1b52223a\"},\"headline\":\"Kam\u012bns Carbel RI-70 ar koku tur\u0113t\u0101ju\",\"datePublished\":\"2020-08-11T13:49:53+00:00\",\"dateModified\":\"2023-11-07T12:56:53+00:00\",\"mainEntityOfPage\":{\"@id\":\"https:\\\/\\\/www.kaminakeskus.ee\\\/lv\\\/kamins-carbel-rk-70-ar-koka-turetaju\\\/\"},\"wordCount\":61,\"publisher\":{\"@id\":\"https:\\\/\\\/www.kaminakeskus.ee\\\/lv\\\/#organization\"},\"image\":{\"@id\":\"https:\\\/\\\/www.kaminakeskus.ee\\\/lv\\\/kamins-carbel-rk-70-ar-koka-turetaju\\\/#primaryimage\"},\"thumbnailUrl\":\"https:\\\/\\\/www.kaminakeskus.ee\\\/wp-content\\\/uploads\\\/2020\\\/08\\\/kamin-carbel-ri-70-jalaga-142x150.jpeg\",\"articleSection\":[\"Kam\u012bni\",\"Kam\u012bni Carbel\"],\"inLanguage\":\"lv-LV\",\"copyrightYear\":\"2020\",\"copyrightHolder\":{\"@id\":\"https:\\\/\\\/www.kaminakeskus.ee\\\/#organization\"}},{\"@type\":\"WebPage\",\"@id\":\"https:\\\/\\\/www.kaminakeskus.ee\\\/lv\\\/kamins-carbel-rk-70-ar-koka-turetaju\\\/\",\"url\":\"https:\\\/\\\/www.kaminakeskus.ee\\\/lv\\\/kamins-carbel-rk-70-ar-koka-turetaju\\\/\",\"name\":\"Kam\u012bns Carbel RI-70 ar koku tur\u0113t\u0101ju - Kaminakeskus | Kaminad, Ahjud, Pliidid, Saunaahjud, Korstnad, Katlad\",\"isPartOf\":{\"@id\":\"https:\\\/\\\/www.kaminakeskus.ee\\\/lv\\\/#website\"},\"primaryImageOfPage\":{\"@id\":\"https:\\\/\\\/www.kaminakeskus.ee\\\/lv\\\/kamins-carbel-rk-70-ar-koka-turetaju\\\/#primaryimage\"},\"image\":{\"@id\":\"https:\\\/\\\/www.kaminakeskus.ee\\\/lv\\\/kamins-carbel-rk-70-ar-koka-turetaju\\\/#primaryimage\"},\"thumbnailUrl\":\"https:\\\/\\\/www.kaminakeskus.ee\\\/wp-content\\\/uploads\\\/2020\\\/08\\\/kamin-carbel-ri-70-jalaga-142x150.jpeg\",\"datePublished\":\"2020-08-11T13:49:53+00:00\",\"dateModified\":\"2023-11-07T12:56:53+00:00\",\"breadcrumb\":{\"@id\":\"https:\\\/\\\/www.kaminakeskus.ee\\\/lv\\\/kamins-carbel-rk-70-ar-koka-turetaju\\\/#breadcrumb\"},\"inLanguage\":\"lv-LV\",\"potentialAction\":[{\"@type\":\"ReadAction\",\"target\":[\"https:\\\/\\\/www.kaminakeskus.ee\\\/lv\\\/kamins-carbel-rk-70-ar-koka-turetaju\\\/\"]}]},{\"@type\":\"ImageObject\",\"inLanguage\":\"lv-LV\",\"@id\":\"https:\\\/\\\/www.kaminakeskus.ee\\\/lv\\\/kamins-carbel-rk-70-ar-koka-turetaju\\\/#primaryimage\",\"url\":\"https:\\\/\\\/www.kaminakeskus.ee\\\/wp-content\\\/uploads\\\/2020\\\/08\\\/kamin-carbel-ri-70-jalaga-142x150.jpeg\",\"contentUrl\":\"https:\\\/\\\/www.kaminakeskus.ee\\\/wp-content\\\/uploads\\\/2020\\\/08\\\/kamin-carbel-ri-70-jalaga-142x150.jpeg\"},{\"@type\":\"BreadcrumbList\",\"@id\":\"https:\\\/\\\/www.kaminakeskus.ee\\\/lv\\\/kamins-carbel-rk-70-ar-koka-turetaju\\\/#breadcrumb\",\"itemListElement\":[{\"@type\":\"ListItem\",\"position\":1,\"name\":\"Home\",\"item\":\"https:\\\/\\\/www.kaminakeskus.ee\\\/lv\\\/\"},{\"@type\":\"ListItem\",\"position\":2,\"name\":\"Kam\u012bns Carbel RI-70 ar koku tur\u0113t\u0101ju\"}]},{\"@type\":\"WebSite\",\"@id\":\"https:\\\/\\\/www.kaminakeskus.ee\\\/lv\\\/#website\",\"url\":\"https:\\\/\\\/www.kaminakeskus.ee\\\/lv\\\/\",\"name\":\"Kaminakeskus | Kaminad, Ahjud, Pliidid, Saunaahjud, Korstnad, Korsten, Moodulkorsten, Katlad\",\"description\":\"Kamin Kaminad Ahi Ahjud Pliit Pliidid Korstnad Katlad\",\"publisher\":{\"@id\":\"https:\\\/\\\/www.kaminakeskus.ee\\\/lv\\\/#organization\"},\"potentialAction\":[{\"@type\":\"SearchAction\",\"target\":{\"@type\":\"EntryPoint\",\"urlTemplate\":\"https:\\\/\\\/www.kaminakeskus.ee\\\/lv\\\/?s={search_term_string}\"},\"query-input\":{\"@type\":\"PropertyValueSpecification\",\"valueRequired\":true,\"valueName\":\"search_term_string\"}}],\"inLanguage\":\"lv-LV\"},{\"@type\":[\"Organization\",\"Place\"],\"@id\":\"https:\\\/\\\/www.kaminakeskus.ee\\\/lv\\\/#organization\",\"name\":\"R\u00e4ndr\u00fc\u00fctel HP O\u00dc\",\"alternateName\":\"KaminaKeskus\",\"url\":\"https:\\\/\\\/www.kaminakeskus.ee\\\/\",\"logo\":{\"@type\":\"ImageObject\",\"inLanguage\":\"lv-LV\",\"@id\":\"https:\\\/\\\/www.kaminakeskus.ee\\\/lv\\\/#\\\/schema\\\/logo\\\/image\\\/\",\"url\":\"https:\\\/\\\/www.kaminakeskus.ee\\\/wp-content\\\/uploads\\\/2026\\\/02\\\/Kaminakeskus-logo-1-1.jpg\",\"contentUrl\":\"https:\\\/\\\/www.kaminakeskus.ee\\\/wp-content\\\/uploads\\\/2026\\\/02\\\/Kaminakeskus-logo-1-1.jpg\",\"width\":2068,\"height\":532,\"caption\":\"R\u00e4ndr\u00fc\u00fctel HP O\u00dc\"},\"image\":{\"@id\":\"https:\\\/\\\/www.kaminakeskus.ee\\\/lv\\\/#\\\/schema\\\/logo\\\/image\\\/\"},\"sameAs\":[\"https:\\\/\\\/www.facebook.com\\\/kaminakeskus\\\/yoast\"],\"description\":\"Sales of fireplaces, chimneys and related goods. Kaminate, ahjude, pliitide, korstnate ja nendega seotud toodete m\u00fc\u00fck.\",\"legalName\":\"R\u00e4ndr\u00fc\u00fctel HP O\u00dc\",\"foundingDate\":\"1997-05-13\",\"leiCode\":\"9845007FC4HB963C8D65\",\"numberOfEmployees\":{\"@type\":\"QuantitativeValue\",\"minValue\":\"1\",\"maxValue\":\"10\"},\"telephone\":[\"+372 5543239\",\"+372 58812360\"],\"contactPoint\":{\"@type\":\"ContactPoint\",\"telephone\":\"+372 5543239\",\"email\":\"kaminakeskus@gmail.com\"},\"email\":\"kaminakeskus@gmail.com\",\"vatID\":\"EE100831739\",\"taxID\":\"10208374\"},{\"@type\":\"Person\",\"@id\":\"https:\\\/\\\/www.kaminakeskus.ee\\\/lv\\\/#\\\/schema\\\/person\\\/360e594b62899a19144add9c1b52223a\",\"name\":\"Hannes Puu\",\"image\":{\"@type\":\"ImageObject\",\"inLanguage\":\"lv-LV\",\"@id\":\"https:\\\/\\\/secure.gravatar.com\\\/avatar\\\/b66148e304070f9a285de3d83f91b79224ed0f2b2026921db92893d72ecc95eb?s=96&d=mm&r=g\",\"url\":\"https:\\\/\\\/secure.gravatar.com\\\/avatar\\\/b66148e304070f9a285de3d83f91b79224ed0f2b2026921db92893d72ecc95eb?s=96&d=mm&r=g\",\"contentUrl\":\"https:\\\/\\\/secure.gravatar.com\\\/avatar\\\/b66148e304070f9a285de3d83f91b79224ed0f2b2026921db92893d72ecc95eb?s=96&d=mm&r=g\",\"caption\":\"Hannes Puu\"},\"sameAs\":[\"http:\\\/\\\/www.kaminakeskus.ee\"]}]}<\/script>\n<!-- \/ Yoast SEO Premium plugin. -->","yoast_head_json":{"title":"Kam\u012bns Carbel RI-70 ar koku tur\u0113t\u0101ju - Kaminakeskus | Kaminad, Ahjud, Pliidid, Saunaahjud, Korstnad, Katlad","robots":{"index":"index","follow":"follow","max-snippet":"max-snippet:-1","max-image-preview":"max-image-preview:large","max-video-preview":"max-video-preview:-1"},"canonical":"https:\/\/www.kaminakeskus.ee\/lv\/kamins-carbel-rk-70-ar-koka-turetaju\/","og_locale":"lv_LV","og_type":"article","og_title":"Kam\u012bns Carbel RI-70 ar koku tur\u0113t\u0101ju - Kaminakeskus | Kaminad, Ahjud, Pliidid, Saunaahjud, Korstnad, Katlad","og_description":"RI-70 ar koka tur\u0113t\u0101ju Jauda: 6-12 kW Augstums: 1050 mm [...]","og_url":"https:\/\/www.kaminakeskus.ee\/lv\/kamins-carbel-rk-70-ar-koka-turetaju\/","og_site_name":"Kaminakeskus | Kaminad, Ahjud, Pliidid, Saunaahjud, Korstnad, Katlad","article_publisher":"https:\/\/www.facebook.com\/kaminakeskus\/yoast","article_published_time":"2020-08-11T13:49:53+00:00","article_modified_time":"2023-11-07T12:56:53+00:00","og_image":[{"url":"https:\/\/www.kaminakeskus.ee\/wp-content\/uploads\/2020\/08\/kamin-carbel-ri-70-jalaga-142x150.jpeg","type":"","width":"","height":""}],"author":"Hannes Puu","twitter_card":"summary_large_image","twitter_misc":{"Written by":"Hannes Puu"},"schema":{"@context":"https:\/\/schema.org","@graph":[{"@type":"Article","@id":"https:\/\/www.kaminakeskus.ee\/lv\/kamins-carbel-rk-70-ar-koka-turetaju\/#article","isPartOf":{"@id":"https:\/\/www.kaminakeskus.ee\/lv\/kamins-carbel-rk-70-ar-koka-turetaju\/"},"author":{"name":"Hannes Puu","@id":"https:\/\/www.kaminakeskus.ee\/lv\/#\/schema\/person\/360e594b62899a19144add9c1b52223a"},"headline":"Kam\u012bns Carbel RI-70 ar koku tur\u0113t\u0101ju","datePublished":"2020-08-11T13:49:53+00:00","dateModified":"2023-11-07T12:56:53+00:00","mainEntityOfPage":{"@id":"https:\/\/www.kaminakeskus.ee\/lv\/kamins-carbel-rk-70-ar-koka-turetaju\/"},"wordCount":61,"publisher":{"@id":"https:\/\/www.kaminakeskus.ee\/lv\/#organization"},"image":{"@id":"https:\/\/www.kaminakeskus.ee\/lv\/kamins-carbel-rk-70-ar-koka-turetaju\/#primaryimage"},"thumbnailUrl":"https:\/\/www.kaminakeskus.ee\/wp-content\/uploads\/2020\/08\/kamin-carbel-ri-70-jalaga-142x150.jpeg","articleSection":["Kam\u012bni","Kam\u012bni Carbel"],"inLanguage":"lv-LV","copyrightYear":"2020","copyrightHolder":{"@id":"https:\/\/www.kaminakeskus.ee\/#organization"}},{"@type":"WebPage","@id":"https:\/\/www.kaminakeskus.ee\/lv\/kamins-carbel-rk-70-ar-koka-turetaju\/","url":"https:\/\/www.kaminakeskus.ee\/lv\/kamins-carbel-rk-70-ar-koka-turetaju\/","name":"Kam\u012bns Carbel RI-70 ar koku tur\u0113t\u0101ju - Kaminakeskus | Kaminad, Ahjud, Pliidid, Saunaahjud, Korstnad, Katlad","isPartOf":{"@id":"https:\/\/www.kaminakeskus.ee\/lv\/#website"},"primaryImageOfPage":{"@id":"https:\/\/www.kaminakeskus.ee\/lv\/kamins-carbel-rk-70-ar-koka-turetaju\/#primaryimage"},"image":{"@id":"https:\/\/www.kaminakeskus.ee\/lv\/kamins-carbel-rk-70-ar-koka-turetaju\/#primaryimage"},"thumbnailUrl":"https:\/\/www.kaminakeskus.ee\/wp-content\/uploads\/2020\/08\/kamin-carbel-ri-70-jalaga-142x150.jpeg","datePublished":"2020-08-11T13:49:53+00:00","dateModified":"2023-11-07T12:56:53+00:00","breadcrumb":{"@id":"https:\/\/www.kaminakeskus.ee\/lv\/kamins-carbel-rk-70-ar-koka-turetaju\/#breadcrumb"},"inLanguage":"lv-LV","potentialAction":[{"@type":"ReadAction","target":["https:\/\/www.kaminakeskus.ee\/lv\/kamins-carbel-rk-70-ar-koka-turetaju\/"]}]},{"@type":"ImageObject","inLanguage":"lv-LV","@id":"https:\/\/www.kaminakeskus.ee\/lv\/kamins-carbel-rk-70-ar-koka-turetaju\/#primaryimage","url":"https:\/\/www.kaminakeskus.ee\/wp-content\/uploads\/2020\/08\/kamin-carbel-ri-70-jalaga-142x150.jpeg","contentUrl":"https:\/\/www.kaminakeskus.ee\/wp-content\/uploads\/2020\/08\/kamin-carbel-ri-70-jalaga-142x150.jpeg"},{"@type":"BreadcrumbList","@id":"https:\/\/www.kaminakeskus.ee\/lv\/kamins-carbel-rk-70-ar-koka-turetaju\/#breadcrumb","itemListElement":[{"@type":"ListItem","position":1,"name":"Home","item":"https:\/\/www.kaminakeskus.ee\/lv\/"},{"@type":"ListItem","position":2,"name":"Kam\u012bns Carbel RI-70 ar koku tur\u0113t\u0101ju"}]},{"@type":"WebSite","@id":"https:\/\/www.kaminakeskus.ee\/lv\/#website","url":"https:\/\/www.kaminakeskus.ee\/lv\/","name":"Kaminakeskus | Kaminad, Ahjud, Pliidid, Saunaahjud, Korstnad, Korsten, Moodulkorsten, Katlad","description":"Kamin Kaminad Ahi Ahjud Pliit Pliidid Korstnad Katlad","publisher":{"@id":"https:\/\/www.kaminakeskus.ee\/lv\/#organization"},"potentialAction":[{"@type":"SearchAction","target":{"@type":"EntryPoint","urlTemplate":"https:\/\/www.kaminakeskus.ee\/lv\/?s={search_term_string}"},"query-input":{"@type":"PropertyValueSpecification","valueRequired":true,"valueName":"search_term_string"}}],"inLanguage":"lv-LV"},{"@type":["Organization","Place"],"@id":"https:\/\/www.kaminakeskus.ee\/lv\/#organization","name":"R\u00e4ndr\u00fc\u00fctel HP O\u00dc","alternateName":"KaminaKeskus","url":"https:\/\/www.kaminakeskus.ee\/","logo":{"@type":"ImageObject","inLanguage":"lv-LV","@id":"https:\/\/www.kaminakeskus.ee\/lv\/#\/schema\/logo\/image\/","url":"https:\/\/www.kaminakeskus.ee\/wp-content\/uploads\/2026\/02\/Kaminakeskus-logo-1-1.jpg","contentUrl":"https:\/\/www.kaminakeskus.ee\/wp-content\/uploads\/2026\/02\/Kaminakeskus-logo-1-1.jpg","width":2068,"height":532,"caption":"R\u00e4ndr\u00fc\u00fctel HP O\u00dc"},"image":{"@id":"https:\/\/www.kaminakeskus.ee\/lv\/#\/schema\/logo\/image\/"},"sameAs":["https:\/\/www.facebook.com\/kaminakeskus\/yoast"],"description":"Sales of fireplaces, chimneys and related goods. Kaminate, ahjude, pliitide, korstnate ja nendega seotud toodete m\u00fc\u00fck.","legalName":"R\u00e4ndr\u00fc\u00fctel HP O\u00dc","foundingDate":"1997-05-13","leiCode":"9845007FC4HB963C8D65","numberOfEmployees":{"@type":"QuantitativeValue","minValue":"1","maxValue":"10"},"telephone":["+372 5543239","+372 58812360"],"contactPoint":{"@type":"ContactPoint","telephone":"+372 5543239","email":"kaminakeskus@gmail.com"},"email":"kaminakeskus@gmail.com","vatID":"EE100831739","taxID":"10208374"},{"@type":"Person","@id":"https:\/\/www.kaminakeskus.ee\/lv\/#\/schema\/person\/360e594b62899a19144add9c1b52223a","name":"Hannes Puu","image":{"@type":"ImageObject","inLanguage":"lv-LV","@id":"https:\/\/secure.gravatar.com\/avatar\/b66148e304070f9a285de3d83f91b79224ed0f2b2026921db92893d72ecc95eb?s=96&d=mm&r=g","url":"https:\/\/secure.gravatar.com\/avatar\/b66148e304070f9a285de3d83f91b79224ed0f2b2026921db92893d72ecc95eb?s=96&d=mm&r=g","contentUrl":"https:\/\/secure.gravatar.com\/avatar\/b66148e304070f9a285de3d83f91b79224ed0f2b2026921db92893d72ecc95eb?s=96&d=mm&r=g","caption":"Hannes Puu"},"sameAs":["http:\/\/www.kaminakeskus.ee"]}]}},"_links":{"self":[{"href":"https:\/\/www.kaminakeskus.ee\/lv\/wp-json\/wp\/v2\/posts\/48956","targetHints":{"allow":["GET"]}}],"collection":[{"href":"https:\/\/www.kaminakeskus.ee\/lv\/wp-json\/wp\/v2\/posts"}],"about":[{"href":"https:\/\/www.kaminakeskus.ee\/lv\/wp-json\/wp\/v2\/types\/post"}],"author":[{"embeddable":true,"href":"https:\/\/www.kaminakeskus.ee\/lv\/wp-json\/wp\/v2\/users\/3"}],"replies":[{"embeddable":true,"href":"https:\/\/www.kaminakeskus.ee\/lv\/wp-json\/wp\/v2\/comments?post=48956"}],"version-history":[{"count":2,"href":"https:\/\/www.kaminakeskus.ee\/lv\/wp-json\/wp\/v2\/posts\/48956\/revisions"}],"predecessor-version":[{"id":72029,"href":"https:\/\/www.kaminakeskus.ee\/lv\/wp-json\/wp\/v2\/posts\/48956\/revisions\/72029"}],"wp:attachment":[{"href":"https:\/\/www.kaminakeskus.ee\/lv\/wp-json\/wp\/v2\/media?parent=48956"}],"wp:term":[{"taxonomy":"category","embeddable":true,"href":"https:\/\/www.kaminakeskus.ee\/lv\/wp-json\/wp\/v2\/categories?post=48956"},{"taxonomy":"post_tag","embeddable":true,"href":"https:\/\/www.kaminakeskus.ee\/lv\/wp-json\/wp\/v2\/tags?post=48956"}],"curies":[{"name":"wp","href":"https:\/\/api.w.org\/{rel}","templated":true}]}}