{"id":50308,"date":"2011-01-27T14:18:20","date_gmt":"2011-01-27T14:18:20","guid":{"rendered":"https:\/\/test.kaminakeskus.ee\/centralapkures-krasns-termomont-s-25\/"},"modified":"2022-10-21T18:18:46","modified_gmt":"2022-10-21T18:18:46","slug":"centralapkures-krasns-termomont-s-25","status":"publish","type":"post","link":"https:\/\/www.kaminakeskus.ee\/lv\/centralapkures-krasns-termomont-s-25\/","title":{"rendered":"Centr\u0101lapkures kr\u0101sns Termomont S 25"},"content":{"rendered":"<div id=\"attachment_31001\" style=\"width: 131px\" class=\"wp-caption alignnone\"><a href=\"http:\/\/www.kaminakeskus.ee\/wp-content\/uploads\/2011\/01\/Pliit-Temy-svalge.jpg\"><img decoding=\"async\" aria-describedby=\"caption-attachment-31001\" class=\"wp-image-31001 size-full\" title=\"Keskk\u00fcttepliit Termomont 25\" src=\"http:\/\/www.kaminakeskus.ee\/wp-content\/uploads\/2011\/01\/Pliit-Temy-svalge-e1398495076753.jpg\" alt=\"kam\u012bni, kr\u0101snis, pl\u012btis, katli, pirts kr\u0101snis, skurste\u0146i, skurste\u0146i, modu\u013cu skurste\u0146i\" width=\"121\" height=\"150\"><\/a><p id=\"caption-attachment-31001\" class=\"wp-caption-text\">Termomont 25<\/p><\/div>\n<p><strong>Centr\u0101lapkures kr\u0101sns Termomont S 25<\/strong><br \/>\nJauda: 25 KW<br \/>\nAugstums: 880 mm<br \/>\nPlatums: 600 mm<br \/>\nDzi\u013cums: 850 mm<br \/>\nD\u016bmvada diametrs: \u00d8 148 mm<br \/>\nKr\u0101sa: br\u016bna, balta, pel\u0113ka, b\u0113\u0161a<br \/>\n<strong>Cena: 1885 EUR<\/strong><br \/>\n <a href=\"http:\/\/www.kaminakeskus.ee\/wp-content\/uploads\/2011\/07\/Kasutusjuhend-Temy-S-est..pdf\">Lietot\u0101ja rokasgr\u0101mata.pdf<\/a><\/p>\n","protected":false},"excerpt":{"rendered":"<p>Centr\u0101lapkures kr\u0101sns Termomont S 25 Jauda: 25 KW Augstums: 880  [&#8230;]<\/p>\n","protected":false},"author":3,"featured_media":0,"comment_status":"open","ping_status":"open","sticky":false,"template":"","format":"standard","meta":{"footnotes":""},"categories":[1196,1257],"tags":[],"class_list":["post-50308","post","type-post","status-publish","format-standard","hentry","category-centralapkures-plitis-termomont","category-ipasie-piedavajumi-produktiem-7"],"yoast_head":"<!-- This site is optimized with the Yoast SEO Premium plugin v27.5 (Yoast SEO v27.5) - https:\/\/yoast.com\/product\/yoast-seo-premium-wordpress\/ -->\n<title>Centr\u0101lapkures kr\u0101sns Termomont S 25 - Kaminakeskus | Kaminad, Ahjud, Pliidid, Saunaahjud, Korstnad, Katlad<\/title>\n<meta name=\"robots\" content=\"index, follow, max-snippet:-1, max-image-preview:large, max-video-preview:-1\" \/>\n<link rel=\"canonical\" href=\"https:\/\/www.kaminakeskus.ee\/lv\/centralapkures-krasns-termomont-s-25\/\" \/>\n<meta property=\"og:locale\" content=\"lv_LV\" \/>\n<meta property=\"og:type\" content=\"article\" \/>\n<meta property=\"og:title\" content=\"Centr\u0101lapkures kr\u0101sns Termomont S 25 - Kaminakeskus | Kaminad, Ahjud, Pliidid, Saunaahjud, Korstnad, Katlad\" \/>\n<meta property=\"og:description\" content=\"Centr\u0101lapkures kr\u0101sns Termomont S 25 Jauda: 25 KW Augstums: 880 [...]\" \/>\n<meta property=\"og:url\" content=\"https:\/\/www.kaminakeskus.ee\/lv\/centralapkures-krasns-termomont-s-25\/\" \/>\n<meta property=\"og:site_name\" content=\"Kaminakeskus | Kaminad, Ahjud, Pliidid, Saunaahjud, Korstnad, Katlad\" \/>\n<meta property=\"article:publisher\" content=\"https:\/\/www.facebook.com\/kaminakeskus\/yoast\" \/>\n<meta property=\"article:published_time\" content=\"2011-01-27T14:18:20+00:00\" \/>\n<meta property=\"article:modified_time\" content=\"2022-10-21T18:18:46+00:00\" \/>\n<meta property=\"og:image\" content=\"http:\/\/www.kaminakeskus.ee\/wp-content\/uploads\/2011\/01\/Pliit-Temy-svalge-e1398495076753.jpg\" \/>\n<meta name=\"author\" content=\"Hannes Puu\" \/>\n<meta name=\"twitter:card\" content=\"summary_large_image\" \/>\n<meta name=\"twitter:label1\" content=\"Written by\" \/>\n\t<meta name=\"twitter:data1\" content=\"Hannes Puu\" \/>\n<script type=\"application\/ld+json\" class=\"yoast-schema-graph\">{\"@context\":\"https:\\\/\\\/schema.org\",\"@graph\":[{\"@type\":\"Article\",\"@id\":\"https:\\\/\\\/www.kaminakeskus.ee\\\/lv\\\/centralapkures-krasns-termomont-s-25\\\/#article\",\"isPartOf\":{\"@id\":\"https:\\\/\\\/www.kaminakeskus.ee\\\/lv\\\/centralapkures-krasns-termomont-s-25\\\/\"},\"author\":{\"name\":\"Hannes Puu\",\"@id\":\"https:\\\/\\\/www.kaminakeskus.ee\\\/lv\\\/#\\\/schema\\\/person\\\/360e594b62899a19144add9c1b52223a\"},\"headline\":\"Centr\u0101lapkures kr\u0101sns Termomont S 25\",\"datePublished\":\"2011-01-27T14:18:20+00:00\",\"dateModified\":\"2022-10-21T18:18:46+00:00\",\"mainEntityOfPage\":{\"@id\":\"https:\\\/\\\/www.kaminakeskus.ee\\\/lv\\\/centralapkures-krasns-termomont-s-25\\\/\"},\"wordCount\":49,\"commentCount\":0,\"publisher\":{\"@id\":\"https:\\\/\\\/www.kaminakeskus.ee\\\/lv\\\/#organization\"},\"image\":{\"@id\":\"https:\\\/\\\/www.kaminakeskus.ee\\\/lv\\\/centralapkures-krasns-termomont-s-25\\\/#primaryimage\"},\"thumbnailUrl\":\"http:\\\/\\\/www.kaminakeskus.ee\\\/wp-content\\\/uploads\\\/2011\\\/01\\\/Pliit-Temy-svalge-e1398495076753.jpg\",\"articleSection\":[\"Centr\u0101lapkures pl\u012btis Termomont\",\"\u012apa\u0161ie pied\u0101v\u0101jumi produktiem 7\"],\"inLanguage\":\"lv-LV\",\"potentialAction\":[{\"@type\":\"CommentAction\",\"name\":\"Comment\",\"target\":[\"https:\\\/\\\/www.kaminakeskus.ee\\\/lv\\\/centralapkures-krasns-termomont-s-25\\\/#respond\"]}],\"copyrightYear\":\"2011\",\"copyrightHolder\":{\"@id\":\"https:\\\/\\\/www.kaminakeskus.ee\\\/#organization\"}},{\"@type\":\"WebPage\",\"@id\":\"https:\\\/\\\/www.kaminakeskus.ee\\\/lv\\\/centralapkures-krasns-termomont-s-25\\\/\",\"url\":\"https:\\\/\\\/www.kaminakeskus.ee\\\/lv\\\/centralapkures-krasns-termomont-s-25\\\/\",\"name\":\"Centr\u0101lapkures kr\u0101sns Termomont S 25 - Kaminakeskus | Kaminad, Ahjud, Pliidid, Saunaahjud, Korstnad, Katlad\",\"isPartOf\":{\"@id\":\"https:\\\/\\\/www.kaminakeskus.ee\\\/lv\\\/#website\"},\"primaryImageOfPage\":{\"@id\":\"https:\\\/\\\/www.kaminakeskus.ee\\\/lv\\\/centralapkures-krasns-termomont-s-25\\\/#primaryimage\"},\"image\":{\"@id\":\"https:\\\/\\\/www.kaminakeskus.ee\\\/lv\\\/centralapkures-krasns-termomont-s-25\\\/#primaryimage\"},\"thumbnailUrl\":\"http:\\\/\\\/www.kaminakeskus.ee\\\/wp-content\\\/uploads\\\/2011\\\/01\\\/Pliit-Temy-svalge-e1398495076753.jpg\",\"datePublished\":\"2011-01-27T14:18:20+00:00\",\"dateModified\":\"2022-10-21T18:18:46+00:00\",\"breadcrumb\":{\"@id\":\"https:\\\/\\\/www.kaminakeskus.ee\\\/lv\\\/centralapkures-krasns-termomont-s-25\\\/#breadcrumb\"},\"inLanguage\":\"lv-LV\",\"potentialAction\":[{\"@type\":\"ReadAction\",\"target\":[\"https:\\\/\\\/www.kaminakeskus.ee\\\/lv\\\/centralapkures-krasns-termomont-s-25\\\/\"]}]},{\"@type\":\"ImageObject\",\"inLanguage\":\"lv-LV\",\"@id\":\"https:\\\/\\\/www.kaminakeskus.ee\\\/lv\\\/centralapkures-krasns-termomont-s-25\\\/#primaryimage\",\"url\":\"http:\\\/\\\/www.kaminakeskus.ee\\\/wp-content\\\/uploads\\\/2011\\\/01\\\/Pliit-Temy-svalge-e1398495076753.jpg\",\"contentUrl\":\"http:\\\/\\\/www.kaminakeskus.ee\\\/wp-content\\\/uploads\\\/2011\\\/01\\\/Pliit-Temy-svalge-e1398495076753.jpg\"},{\"@type\":\"BreadcrumbList\",\"@id\":\"https:\\\/\\\/www.kaminakeskus.ee\\\/lv\\\/centralapkures-krasns-termomont-s-25\\\/#breadcrumb\",\"itemListElement\":[{\"@type\":\"ListItem\",\"position\":1,\"name\":\"Home\",\"item\":\"https:\\\/\\\/www.kaminakeskus.ee\\\/lv\\\/\"},{\"@type\":\"ListItem\",\"position\":2,\"name\":\"Centr\u0101lapkures kr\u0101sns Termomont S 25\"}]},{\"@type\":\"WebSite\",\"@id\":\"https:\\\/\\\/www.kaminakeskus.ee\\\/lv\\\/#website\",\"url\":\"https:\\\/\\\/www.kaminakeskus.ee\\\/lv\\\/\",\"name\":\"Kaminakeskus | Kaminad, Ahjud, Pliidid, Saunaahjud, Korstnad, Korsten, Moodulkorsten, Katlad\",\"description\":\"Kamin Kaminad Ahi Ahjud Pliit Pliidid Korstnad Katlad\",\"publisher\":{\"@id\":\"https:\\\/\\\/www.kaminakeskus.ee\\\/lv\\\/#organization\"},\"potentialAction\":[{\"@type\":\"SearchAction\",\"target\":{\"@type\":\"EntryPoint\",\"urlTemplate\":\"https:\\\/\\\/www.kaminakeskus.ee\\\/lv\\\/?s={search_term_string}\"},\"query-input\":{\"@type\":\"PropertyValueSpecification\",\"valueRequired\":true,\"valueName\":\"search_term_string\"}}],\"inLanguage\":\"lv-LV\"},{\"@type\":[\"Organization\",\"Place\"],\"@id\":\"https:\\\/\\\/www.kaminakeskus.ee\\\/lv\\\/#organization\",\"name\":\"R\u00e4ndr\u00fc\u00fctel HP O\u00dc\",\"alternateName\":\"KaminaKeskus\",\"url\":\"https:\\\/\\\/www.kaminakeskus.ee\\\/\",\"logo\":{\"@type\":\"ImageObject\",\"inLanguage\":\"lv-LV\",\"@id\":\"https:\\\/\\\/www.kaminakeskus.ee\\\/lv\\\/#\\\/schema\\\/logo\\\/image\\\/\",\"url\":\"https:\\\/\\\/www.kaminakeskus.ee\\\/wp-content\\\/uploads\\\/2026\\\/02\\\/Kaminakeskus-logo-1-1.jpg\",\"contentUrl\":\"https:\\\/\\\/www.kaminakeskus.ee\\\/wp-content\\\/uploads\\\/2026\\\/02\\\/Kaminakeskus-logo-1-1.jpg\",\"width\":2068,\"height\":532,\"caption\":\"R\u00e4ndr\u00fc\u00fctel HP O\u00dc\"},\"image\":{\"@id\":\"https:\\\/\\\/www.kaminakeskus.ee\\\/lv\\\/#\\\/schema\\\/logo\\\/image\\\/\"},\"sameAs\":[\"https:\\\/\\\/www.facebook.com\\\/kaminakeskus\\\/yoast\"],\"description\":\"Sales of fireplaces, chimneys and related goods. Kaminate, ahjude, pliitide, korstnate ja nendega seotud toodete m\u00fc\u00fck.\",\"legalName\":\"R\u00e4ndr\u00fc\u00fctel HP O\u00dc\",\"foundingDate\":\"1997-05-13\",\"leiCode\":\"9845007FC4HB963C8D65\",\"numberOfEmployees\":{\"@type\":\"QuantitativeValue\",\"minValue\":\"1\",\"maxValue\":\"10\"},\"telephone\":[\"+372 5543239\",\"+372 58812360\"],\"contactPoint\":{\"@type\":\"ContactPoint\",\"telephone\":\"+372 5543239\",\"email\":\"kaminakeskus@gmail.com\"},\"email\":\"kaminakeskus@gmail.com\",\"vatID\":\"EE100831739\",\"taxID\":\"10208374\"},{\"@type\":\"Person\",\"@id\":\"https:\\\/\\\/www.kaminakeskus.ee\\\/lv\\\/#\\\/schema\\\/person\\\/360e594b62899a19144add9c1b52223a\",\"name\":\"Hannes Puu\",\"image\":{\"@type\":\"ImageObject\",\"inLanguage\":\"lv-LV\",\"@id\":\"https:\\\/\\\/secure.gravatar.com\\\/avatar\\\/b66148e304070f9a285de3d83f91b79224ed0f2b2026921db92893d72ecc95eb?s=96&d=mm&r=g\",\"url\":\"https:\\\/\\\/secure.gravatar.com\\\/avatar\\\/b66148e304070f9a285de3d83f91b79224ed0f2b2026921db92893d72ecc95eb?s=96&d=mm&r=g\",\"contentUrl\":\"https:\\\/\\\/secure.gravatar.com\\\/avatar\\\/b66148e304070f9a285de3d83f91b79224ed0f2b2026921db92893d72ecc95eb?s=96&d=mm&r=g\",\"caption\":\"Hannes Puu\"},\"sameAs\":[\"http:\\\/\\\/www.kaminakeskus.ee\"]}]}<\/script>\n<!-- \/ Yoast SEO Premium plugin. -->","yoast_head_json":{"title":"Centr\u0101lapkures kr\u0101sns Termomont S 25 - Kaminakeskus | Kaminad, Ahjud, Pliidid, Saunaahjud, Korstnad, Katlad","robots":{"index":"index","follow":"follow","max-snippet":"max-snippet:-1","max-image-preview":"max-image-preview:large","max-video-preview":"max-video-preview:-1"},"canonical":"https:\/\/www.kaminakeskus.ee\/lv\/centralapkures-krasns-termomont-s-25\/","og_locale":"lv_LV","og_type":"article","og_title":"Centr\u0101lapkures kr\u0101sns Termomont S 25 - Kaminakeskus | Kaminad, Ahjud, Pliidid, Saunaahjud, Korstnad, Katlad","og_description":"Centr\u0101lapkures kr\u0101sns Termomont S 25 Jauda: 25 KW Augstums: 880 [...]","og_url":"https:\/\/www.kaminakeskus.ee\/lv\/centralapkures-krasns-termomont-s-25\/","og_site_name":"Kaminakeskus | Kaminad, Ahjud, Pliidid, Saunaahjud, Korstnad, Katlad","article_publisher":"https:\/\/www.facebook.com\/kaminakeskus\/yoast","article_published_time":"2011-01-27T14:18:20+00:00","article_modified_time":"2022-10-21T18:18:46+00:00","og_image":[{"url":"http:\/\/www.kaminakeskus.ee\/wp-content\/uploads\/2011\/01\/Pliit-Temy-svalge-e1398495076753.jpg","type":"","width":"","height":""}],"author":"Hannes Puu","twitter_card":"summary_large_image","twitter_misc":{"Written by":"Hannes Puu"},"schema":{"@context":"https:\/\/schema.org","@graph":[{"@type":"Article","@id":"https:\/\/www.kaminakeskus.ee\/lv\/centralapkures-krasns-termomont-s-25\/#article","isPartOf":{"@id":"https:\/\/www.kaminakeskus.ee\/lv\/centralapkures-krasns-termomont-s-25\/"},"author":{"name":"Hannes Puu","@id":"https:\/\/www.kaminakeskus.ee\/lv\/#\/schema\/person\/360e594b62899a19144add9c1b52223a"},"headline":"Centr\u0101lapkures kr\u0101sns Termomont S 25","datePublished":"2011-01-27T14:18:20+00:00","dateModified":"2022-10-21T18:18:46+00:00","mainEntityOfPage":{"@id":"https:\/\/www.kaminakeskus.ee\/lv\/centralapkures-krasns-termomont-s-25\/"},"wordCount":49,"commentCount":0,"publisher":{"@id":"https:\/\/www.kaminakeskus.ee\/lv\/#organization"},"image":{"@id":"https:\/\/www.kaminakeskus.ee\/lv\/centralapkures-krasns-termomont-s-25\/#primaryimage"},"thumbnailUrl":"http:\/\/www.kaminakeskus.ee\/wp-content\/uploads\/2011\/01\/Pliit-Temy-svalge-e1398495076753.jpg","articleSection":["Centr\u0101lapkures pl\u012btis Termomont","\u012apa\u0161ie pied\u0101v\u0101jumi produktiem 7"],"inLanguage":"lv-LV","potentialAction":[{"@type":"CommentAction","name":"Comment","target":["https:\/\/www.kaminakeskus.ee\/lv\/centralapkures-krasns-termomont-s-25\/#respond"]}],"copyrightYear":"2011","copyrightHolder":{"@id":"https:\/\/www.kaminakeskus.ee\/#organization"}},{"@type":"WebPage","@id":"https:\/\/www.kaminakeskus.ee\/lv\/centralapkures-krasns-termomont-s-25\/","url":"https:\/\/www.kaminakeskus.ee\/lv\/centralapkures-krasns-termomont-s-25\/","name":"Centr\u0101lapkures kr\u0101sns Termomont S 25 - Kaminakeskus | Kaminad, Ahjud, Pliidid, Saunaahjud, Korstnad, Katlad","isPartOf":{"@id":"https:\/\/www.kaminakeskus.ee\/lv\/#website"},"primaryImageOfPage":{"@id":"https:\/\/www.kaminakeskus.ee\/lv\/centralapkures-krasns-termomont-s-25\/#primaryimage"},"image":{"@id":"https:\/\/www.kaminakeskus.ee\/lv\/centralapkures-krasns-termomont-s-25\/#primaryimage"},"thumbnailUrl":"http:\/\/www.kaminakeskus.ee\/wp-content\/uploads\/2011\/01\/Pliit-Temy-svalge-e1398495076753.jpg","datePublished":"2011-01-27T14:18:20+00:00","dateModified":"2022-10-21T18:18:46+00:00","breadcrumb":{"@id":"https:\/\/www.kaminakeskus.ee\/lv\/centralapkures-krasns-termomont-s-25\/#breadcrumb"},"inLanguage":"lv-LV","potentialAction":[{"@type":"ReadAction","target":["https:\/\/www.kaminakeskus.ee\/lv\/centralapkures-krasns-termomont-s-25\/"]}]},{"@type":"ImageObject","inLanguage":"lv-LV","@id":"https:\/\/www.kaminakeskus.ee\/lv\/centralapkures-krasns-termomont-s-25\/#primaryimage","url":"http:\/\/www.kaminakeskus.ee\/wp-content\/uploads\/2011\/01\/Pliit-Temy-svalge-e1398495076753.jpg","contentUrl":"http:\/\/www.kaminakeskus.ee\/wp-content\/uploads\/2011\/01\/Pliit-Temy-svalge-e1398495076753.jpg"},{"@type":"BreadcrumbList","@id":"https:\/\/www.kaminakeskus.ee\/lv\/centralapkures-krasns-termomont-s-25\/#breadcrumb","itemListElement":[{"@type":"ListItem","position":1,"name":"Home","item":"https:\/\/www.kaminakeskus.ee\/lv\/"},{"@type":"ListItem","position":2,"name":"Centr\u0101lapkures kr\u0101sns Termomont S 25"}]},{"@type":"WebSite","@id":"https:\/\/www.kaminakeskus.ee\/lv\/#website","url":"https:\/\/www.kaminakeskus.ee\/lv\/","name":"Kaminakeskus | Kaminad, Ahjud, Pliidid, Saunaahjud, Korstnad, Korsten, Moodulkorsten, Katlad","description":"Kamin Kaminad Ahi Ahjud Pliit Pliidid Korstnad Katlad","publisher":{"@id":"https:\/\/www.kaminakeskus.ee\/lv\/#organization"},"potentialAction":[{"@type":"SearchAction","target":{"@type":"EntryPoint","urlTemplate":"https:\/\/www.kaminakeskus.ee\/lv\/?s={search_term_string}"},"query-input":{"@type":"PropertyValueSpecification","valueRequired":true,"valueName":"search_term_string"}}],"inLanguage":"lv-LV"},{"@type":["Organization","Place"],"@id":"https:\/\/www.kaminakeskus.ee\/lv\/#organization","name":"R\u00e4ndr\u00fc\u00fctel HP O\u00dc","alternateName":"KaminaKeskus","url":"https:\/\/www.kaminakeskus.ee\/","logo":{"@type":"ImageObject","inLanguage":"lv-LV","@id":"https:\/\/www.kaminakeskus.ee\/lv\/#\/schema\/logo\/image\/","url":"https:\/\/www.kaminakeskus.ee\/wp-content\/uploads\/2026\/02\/Kaminakeskus-logo-1-1.jpg","contentUrl":"https:\/\/www.kaminakeskus.ee\/wp-content\/uploads\/2026\/02\/Kaminakeskus-logo-1-1.jpg","width":2068,"height":532,"caption":"R\u00e4ndr\u00fc\u00fctel HP O\u00dc"},"image":{"@id":"https:\/\/www.kaminakeskus.ee\/lv\/#\/schema\/logo\/image\/"},"sameAs":["https:\/\/www.facebook.com\/kaminakeskus\/yoast"],"description":"Sales of fireplaces, chimneys and related goods. Kaminate, ahjude, pliitide, korstnate ja nendega seotud toodete m\u00fc\u00fck.","legalName":"R\u00e4ndr\u00fc\u00fctel HP O\u00dc","foundingDate":"1997-05-13","leiCode":"9845007FC4HB963C8D65","numberOfEmployees":{"@type":"QuantitativeValue","minValue":"1","maxValue":"10"},"telephone":["+372 5543239","+372 58812360"],"contactPoint":{"@type":"ContactPoint","telephone":"+372 5543239","email":"kaminakeskus@gmail.com"},"email":"kaminakeskus@gmail.com","vatID":"EE100831739","taxID":"10208374"},{"@type":"Person","@id":"https:\/\/www.kaminakeskus.ee\/lv\/#\/schema\/person\/360e594b62899a19144add9c1b52223a","name":"Hannes Puu","image":{"@type":"ImageObject","inLanguage":"lv-LV","@id":"https:\/\/secure.gravatar.com\/avatar\/b66148e304070f9a285de3d83f91b79224ed0f2b2026921db92893d72ecc95eb?s=96&d=mm&r=g","url":"https:\/\/secure.gravatar.com\/avatar\/b66148e304070f9a285de3d83f91b79224ed0f2b2026921db92893d72ecc95eb?s=96&d=mm&r=g","contentUrl":"https:\/\/secure.gravatar.com\/avatar\/b66148e304070f9a285de3d83f91b79224ed0f2b2026921db92893d72ecc95eb?s=96&d=mm&r=g","caption":"Hannes Puu"},"sameAs":["http:\/\/www.kaminakeskus.ee"]}]}},"_links":{"self":[{"href":"https:\/\/www.kaminakeskus.ee\/lv\/wp-json\/wp\/v2\/posts\/50308","targetHints":{"allow":["GET"]}}],"collection":[{"href":"https:\/\/www.kaminakeskus.ee\/lv\/wp-json\/wp\/v2\/posts"}],"about":[{"href":"https:\/\/www.kaminakeskus.ee\/lv\/wp-json\/wp\/v2\/types\/post"}],"author":[{"embeddable":true,"href":"https:\/\/www.kaminakeskus.ee\/lv\/wp-json\/wp\/v2\/users\/3"}],"replies":[{"embeddable":true,"href":"https:\/\/www.kaminakeskus.ee\/lv\/wp-json\/wp\/v2\/comments?post=50308"}],"version-history":[{"count":3,"href":"https:\/\/www.kaminakeskus.ee\/lv\/wp-json\/wp\/v2\/posts\/50308\/revisions"}],"predecessor-version":[{"id":62976,"href":"https:\/\/www.kaminakeskus.ee\/lv\/wp-json\/wp\/v2\/posts\/50308\/revisions\/62976"}],"wp:attachment":[{"href":"https:\/\/www.kaminakeskus.ee\/lv\/wp-json\/wp\/v2\/media?parent=50308"}],"wp:term":[{"taxonomy":"category","embeddable":true,"href":"https:\/\/www.kaminakeskus.ee\/lv\/wp-json\/wp\/v2\/categories?post=50308"},{"taxonomy":"post_tag","embeddable":true,"href":"https:\/\/www.kaminakeskus.ee\/lv\/wp-json\/wp\/v2\/tags?post=50308"}],"curies":[{"name":"wp","href":"https:\/\/api.w.org\/{rel}","templated":true}]}}