{"id":48802,"date":"2020-08-10T14:35:46","date_gmt":"2020-08-10T14:35:46","guid":{"rendered":"https:\/\/test.kaminakeskus.ee\/%d1%81%d0%b5%d1%80%d0%b4%d1%86%d0%b5%d0%b2%d0%b8%d0%bd%d0%b0-%d0%ba%d0%b0%d0%bc%d0%b8%d0%bd%d0%b0-carbel-kronos-100\/"},"modified":"2023-11-06T14:36:36","modified_gmt":"2023-11-06T14:36:36","slug":"%d1%81%d0%b5%d1%80%d0%b4%d1%86%d0%b5%d0%b2%d0%b8%d0%bd%d0%b0-%d0%ba%d0%b0%d0%bc%d0%b8%d0%bd%d0%b0-carbel-kronos-100","status":"publish","type":"post","link":"https:\/\/www.kaminakeskus.ee\/ru\/%d1%81%d0%b5%d1%80%d0%b4%d1%86%d0%b5%d0%b2%d0%b8%d0%bd%d0%b0-%d0%ba%d0%b0%d0%bc%d0%b8%d0%bd%d0%b0-carbel-kronos-100\/","title":{"rendered":"\u0422\u043e\u043f\u043a\u0430 \u043a\u0430\u043c\u0438\u043d\u0430 Carbel I-100"},"content":{"rendered":"<div id=\"attachment_71920\" style=\"width: 160px\" class=\"wp-caption alignleft\"><a href=\"https:\/\/www.kaminakeskus.ee\/wp-content\/uploads\/2020\/08\/kaminasudamik-carbel-i-100-150x96.jpeg\"><img decoding=\"async\" aria-describedby=\"caption-attachment-71920\" class=\"size-thumbnail wp-image-71917\" src=\"https:\/\/www.kaminakeskus.ee\/wp-content\/uploads\/2020\/08\/kaminasudamik-carbel-i-100-150x96.jpeg\" alt=\"\" width=\"150\" height=\"96\" srcset=\"https:\/\/www.kaminakeskus.ee\/wp-content\/uploads\/2020\/08\/kaminasudamik-carbel-i-100-150x96.jpeg 150w, https:\/\/www.kaminakeskus.ee\/wp-content\/uploads\/2020\/08\/kaminasudamik-carbel-i-100-200x128.jpeg 200w, https:\/\/www.kaminakeskus.ee\/wp-content\/uploads\/2020\/08\/kaminasudamik-carbel-i-100-300x191.jpeg 300w, https:\/\/www.kaminakeskus.ee\/wp-content\/uploads\/2020\/08\/kaminasudamik-carbel-i-100-320x202.jpeg 320w, https:\/\/www.kaminakeskus.ee\/wp-content\/uploads\/2020\/08\/kaminasudamik-carbel-i-100-400x255.jpeg 400w, https:\/\/www.kaminakeskus.ee\/wp-content\/uploads\/2020\/08\/kaminasudamik-carbel-i-100-460x295.jpeg 460w, https:\/\/www.kaminakeskus.ee\/wp-content\/uploads\/2020\/08\/kaminasudamik-carbel-i-100-600x383.jpeg 600w, https:\/\/www.kaminakeskus.ee\/wp-content\/uploads\/2020\/08\/kaminasudamik-carbel-i-100-700x441.jpeg 700w, https:\/\/www.kaminakeskus.ee\/wp-content\/uploads\/2020\/08\/kaminasudamik-carbel-i-100-768x490.jpeg 768w, https:\/\/www.kaminakeskus.ee\/wp-content\/uploads\/2020\/08\/kaminasudamik-carbel-i-100-800x511.jpeg 800w, https:\/\/www.kaminakeskus.ee\/wp-content\/uploads\/2020\/08\/kaminasudamik-carbel-i-100-1024x654.jpeg 1024w, https:\/\/www.kaminakeskus.ee\/wp-content\/uploads\/2020\/08\/kaminasudamik-carbel-i-100.jpeg 1078w\" sizes=\"(max-width: 150px) 100vw, 150px\" \/><\/a><p id=\"caption-attachment-71920\" class=\"wp-caption-text\">\u0422\u043e\u043f\u043a\u0430 \u043a\u0430\u043c\u0438\u043d\u0430 Carbel I-100<\/p><\/div>\n<p><a href=\"https:\/\/carbel.net\/en\/fireplace-inset-i-100\/\"><strong>I-100<\/strong><\/a><br \/>\n \u041c\u043e\u0449\u043d\u043e\u0441\u0442\u044c: 7-16 \u043a\u0412\u0442<br \/>\n\u0412\u044b\u0441\u043e\u0442\u0430: 592 \u043c\u043c<br \/>\n\u0428\u0438\u0440\u0438\u043d\u0430: 982 \u043c\u043c<br \/>\n\u0413\u043b\u0443\u0431\u0438\u043d\u0430: 460 \u043c\u043c<br \/>\n\u0414\u0438\u0430\u043c\u0435\u0442\u0440 \u0434\u044b\u043c\u043e\u0445\u043e\u0434\u0430: 200 \u043c\u043c<br \/>\n\u0412\u0435\u0441: 150 \u043a\u0433.<br \/>\n<a href=\"https:\/\/carbel.net\/wp-content\/uploads\/2021\/04\/I-100.pdf\">\u041f\u043b\u0430\u043d<\/a><br \/>\n <strong>\u0426\u0435\u043d\u0430: 1849 \u0435\u0432\u0440\u043e.<\/strong><br \/>\n <strong>\u0420\u0430\u043c\u0430: 80-325 \u0435\u0432\u0440\u043e<\/strong><\/p>\n","protected":false},"excerpt":{"rendered":"<p>I-100 \u041c\u043e\u0449\u043d\u043e\u0441\u0442\u044c: 7-16 \u043a\u0412\u0442 \u0412\u044b\u0441\u043e\u0442\u0430: 592 \u043c\u043c \u0428\u0438\u0440\u0438\u043d\u0430: 982 \u043c\u043c  [&#8230;]<\/p>\n","protected":false},"author":3,"featured_media":0,"comment_status":"closed","ping_status":"closed","sticky":false,"template":"","format":"standard","meta":{"footnotes":""},"categories":[817,821],"tags":[],"class_list":["post-48802","post","type-post","status-publish","format-standard","hentry","category-817","category---carbel"],"yoast_head":"<!-- This site is optimized with the Yoast SEO Premium plugin v27.5 (Yoast SEO v27.5) - https:\/\/yoast.com\/product\/yoast-seo-premium-wordpress\/ -->\n<title>\u0422\u043e\u043f\u043a\u0430 \u043a\u0430\u043c\u0438\u043d\u0430 Carbel I-100 - Kaminakeskus | Kaminad, Ahjud, Pliidid, Saunaahjud, Korstnad, Katlad<\/title>\n<meta name=\"robots\" content=\"index, follow, max-snippet:-1, max-image-preview:large, max-video-preview:-1\" \/>\n<link rel=\"canonical\" href=\"https:\/\/www.kaminakeskus.ee\/ru\/%d1%81%d0%b5%d1%80%d0%b4%d1%86%d0%b5%d0%b2%d0%b8%d0%bd%d0%b0-%d0%ba%d0%b0%d0%bc%d0%b8%d0%bd%d0%b0-carbel-kronos-100\/\" \/>\n<meta property=\"og:locale\" content=\"ru_RU\" \/>\n<meta property=\"og:type\" content=\"article\" \/>\n<meta property=\"og:title\" content=\"\u0422\u043e\u043f\u043a\u0430 \u043a\u0430\u043c\u0438\u043d\u0430 Carbel I-100 - Kaminakeskus | Kaminad, Ahjud, Pliidid, Saunaahjud, Korstnad, Katlad\" \/>\n<meta property=\"og:description\" content=\"I-100 \u041c\u043e\u0449\u043d\u043e\u0441\u0442\u044c: 7-16 \u043a\u0412\u0442 \u0412\u044b\u0441\u043e\u0442\u0430: 592 \u043c\u043c \u0428\u0438\u0440\u0438\u043d\u0430: 982 \u043c\u043c [...]\" \/>\n<meta property=\"og:url\" content=\"https:\/\/www.kaminakeskus.ee\/ru\/%d1%81%d0%b5%d1%80%d0%b4%d1%86%d0%b5%d0%b2%d0%b8%d0%bd%d0%b0-%d0%ba%d0%b0%d0%bc%d0%b8%d0%bd%d0%b0-carbel-kronos-100\/\" \/>\n<meta property=\"og:site_name\" content=\"Kaminakeskus | Kaminad, Ahjud, Pliidid, Saunaahjud, Korstnad, Katlad\" \/>\n<meta property=\"article:publisher\" content=\"https:\/\/www.facebook.com\/kaminakeskus\/yoast\" \/>\n<meta property=\"article:published_time\" content=\"2020-08-10T14:35:46+00:00\" \/>\n<meta property=\"article:modified_time\" content=\"2023-11-06T14:36:36+00:00\" \/>\n<meta property=\"og:image\" content=\"https:\/\/www.kaminakeskus.ee\/wp-content\/uploads\/2020\/08\/kaminasudamik-carbel-i-100-150x96.jpeg\" \/>\n<meta name=\"author\" content=\"Hannes Puu\" \/>\n<meta name=\"twitter:card\" content=\"summary_large_image\" \/>\n<meta name=\"twitter:label1\" content=\"\u041d\u0430\u043f\u0438\u0441\u0430\u043d\u043e \u0430\u0432\u0442\u043e\u0440\u043e\u043c\" \/>\n\t<meta name=\"twitter:data1\" content=\"Hannes Puu\" \/>\n<script type=\"application\/ld+json\" class=\"yoast-schema-graph\">{\"@context\":\"https:\\\/\\\/schema.org\",\"@graph\":[{\"@type\":\"Article\",\"@id\":\"https:\\\/\\\/www.kaminakeskus.ee\\\/ru\\\/%d1%81%d0%b5%d1%80%d0%b4%d1%86%d0%b5%d0%b2%d0%b8%d0%bd%d0%b0-%d0%ba%d0%b0%d0%bc%d0%b8%d0%bd%d0%b0-carbel-kronos-100\\\/#article\",\"isPartOf\":{\"@id\":\"https:\\\/\\\/www.kaminakeskus.ee\\\/ru\\\/%d1%81%d0%b5%d1%80%d0%b4%d1%86%d0%b5%d0%b2%d0%b8%d0%bd%d0%b0-%d0%ba%d0%b0%d0%bc%d0%b8%d0%bd%d0%b0-carbel-kronos-100\\\/\"},\"author\":{\"name\":\"Hannes Puu\",\"@id\":\"https:\\\/\\\/www.kaminakeskus.ee\\\/ru\\\/#\\\/schema\\\/person\\\/360e594b62899a19144add9c1b52223a\"},\"headline\":\"\u0422\u043e\u043f\u043a\u0430 \u043a\u0430\u043c\u0438\u043d\u0430 Carbel I-100\",\"datePublished\":\"2020-08-10T14:35:46+00:00\",\"dateModified\":\"2023-11-06T14:36:36+00:00\",\"mainEntityOfPage\":{\"@id\":\"https:\\\/\\\/www.kaminakeskus.ee\\\/ru\\\/%d1%81%d0%b5%d1%80%d0%b4%d1%86%d0%b5%d0%b2%d0%b8%d0%bd%d0%b0-%d0%ba%d0%b0%d0%bc%d0%b8%d0%bd%d0%b0-carbel-kronos-100\\\/\"},\"wordCount\":36,\"publisher\":{\"@id\":\"https:\\\/\\\/www.kaminakeskus.ee\\\/ru\\\/#organization\"},\"image\":{\"@id\":\"https:\\\/\\\/www.kaminakeskus.ee\\\/ru\\\/%d1%81%d0%b5%d1%80%d0%b4%d1%86%d0%b5%d0%b2%d0%b8%d0%bd%d0%b0-%d0%ba%d0%b0%d0%bc%d0%b8%d0%bd%d0%b0-carbel-kronos-100\\\/#primaryimage\"},\"thumbnailUrl\":\"https:\\\/\\\/www.kaminakeskus.ee\\\/wp-content\\\/uploads\\\/2020\\\/08\\\/kaminasudamik-carbel-i-100-150x96.jpeg\",\"articleSection\":[\"\u041a\u0430\u043c\u0438\u043d\u043d\u044b\u0435 \u0442\u043e\u043f\u043a\u0438\",\"\u041a\u0430\u043c\u0438\u043d\u043d\u044b\u0435 \u0442\u043e\u043f\u043a\u0438 Carbel\"],\"inLanguage\":\"ru-RU\",\"copyrightYear\":\"2020\",\"copyrightHolder\":{\"@id\":\"https:\\\/\\\/www.kaminakeskus.ee\\\/#organization\"}},{\"@type\":\"WebPage\",\"@id\":\"https:\\\/\\\/www.kaminakeskus.ee\\\/ru\\\/%d1%81%d0%b5%d1%80%d0%b4%d1%86%d0%b5%d0%b2%d0%b8%d0%bd%d0%b0-%d0%ba%d0%b0%d0%bc%d0%b8%d0%bd%d0%b0-carbel-kronos-100\\\/\",\"url\":\"https:\\\/\\\/www.kaminakeskus.ee\\\/ru\\\/%d1%81%d0%b5%d1%80%d0%b4%d1%86%d0%b5%d0%b2%d0%b8%d0%bd%d0%b0-%d0%ba%d0%b0%d0%bc%d0%b8%d0%bd%d0%b0-carbel-kronos-100\\\/\",\"name\":\"\u0422\u043e\u043f\u043a\u0430 \u043a\u0430\u043c\u0438\u043d\u0430 Carbel I-100 - Kaminakeskus | Kaminad, Ahjud, Pliidid, Saunaahjud, Korstnad, Katlad\",\"isPartOf\":{\"@id\":\"https:\\\/\\\/www.kaminakeskus.ee\\\/ru\\\/#website\"},\"primaryImageOfPage\":{\"@id\":\"https:\\\/\\\/www.kaminakeskus.ee\\\/ru\\\/%d1%81%d0%b5%d1%80%d0%b4%d1%86%d0%b5%d0%b2%d0%b8%d0%bd%d0%b0-%d0%ba%d0%b0%d0%bc%d0%b8%d0%bd%d0%b0-carbel-kronos-100\\\/#primaryimage\"},\"image\":{\"@id\":\"https:\\\/\\\/www.kaminakeskus.ee\\\/ru\\\/%d1%81%d0%b5%d1%80%d0%b4%d1%86%d0%b5%d0%b2%d0%b8%d0%bd%d0%b0-%d0%ba%d0%b0%d0%bc%d0%b8%d0%bd%d0%b0-carbel-kronos-100\\\/#primaryimage\"},\"thumbnailUrl\":\"https:\\\/\\\/www.kaminakeskus.ee\\\/wp-content\\\/uploads\\\/2020\\\/08\\\/kaminasudamik-carbel-i-100-150x96.jpeg\",\"datePublished\":\"2020-08-10T14:35:46+00:00\",\"dateModified\":\"2023-11-06T14:36:36+00:00\",\"breadcrumb\":{\"@id\":\"https:\\\/\\\/www.kaminakeskus.ee\\\/ru\\\/%d1%81%d0%b5%d1%80%d0%b4%d1%86%d0%b5%d0%b2%d0%b8%d0%bd%d0%b0-%d0%ba%d0%b0%d0%bc%d0%b8%d0%bd%d0%b0-carbel-kronos-100\\\/#breadcrumb\"},\"inLanguage\":\"ru-RU\",\"potentialAction\":[{\"@type\":\"ReadAction\",\"target\":[\"https:\\\/\\\/www.kaminakeskus.ee\\\/ru\\\/%d1%81%d0%b5%d1%80%d0%b4%d1%86%d0%b5%d0%b2%d0%b8%d0%bd%d0%b0-%d0%ba%d0%b0%d0%bc%d0%b8%d0%bd%d0%b0-carbel-kronos-100\\\/\"]}]},{\"@type\":\"ImageObject\",\"inLanguage\":\"ru-RU\",\"@id\":\"https:\\\/\\\/www.kaminakeskus.ee\\\/ru\\\/%d1%81%d0%b5%d1%80%d0%b4%d1%86%d0%b5%d0%b2%d0%b8%d0%bd%d0%b0-%d0%ba%d0%b0%d0%bc%d0%b8%d0%bd%d0%b0-carbel-kronos-100\\\/#primaryimage\",\"url\":\"https:\\\/\\\/www.kaminakeskus.ee\\\/wp-content\\\/uploads\\\/2020\\\/08\\\/kaminasudamik-carbel-i-100-150x96.jpeg\",\"contentUrl\":\"https:\\\/\\\/www.kaminakeskus.ee\\\/wp-content\\\/uploads\\\/2020\\\/08\\\/kaminasudamik-carbel-i-100-150x96.jpeg\"},{\"@type\":\"BreadcrumbList\",\"@id\":\"https:\\\/\\\/www.kaminakeskus.ee\\\/ru\\\/%d1%81%d0%b5%d1%80%d0%b4%d1%86%d0%b5%d0%b2%d0%b8%d0%bd%d0%b0-%d0%ba%d0%b0%d0%bc%d0%b8%d0%bd%d0%b0-carbel-kronos-100\\\/#breadcrumb\",\"itemListElement\":[{\"@type\":\"ListItem\",\"position\":1,\"name\":\"Home\",\"item\":\"https:\\\/\\\/www.kaminakeskus.ee\\\/ru\\\/\"},{\"@type\":\"ListItem\",\"position\":2,\"name\":\"\u0422\u043e\u043f\u043a\u0430 \u043a\u0430\u043c\u0438\u043d\u0430 Carbel I-100\"}]},{\"@type\":\"WebSite\",\"@id\":\"https:\\\/\\\/www.kaminakeskus.ee\\\/ru\\\/#website\",\"url\":\"https:\\\/\\\/www.kaminakeskus.ee\\\/ru\\\/\",\"name\":\"Kaminakeskus | Kaminad, Ahjud, Pliidid, Saunaahjud, Korstnad, Korsten, Moodulkorsten, Katlad\",\"description\":\"Kamin Kaminad Ahi Ahjud Pliit Pliidid Korstnad Katlad\",\"publisher\":{\"@id\":\"https:\\\/\\\/www.kaminakeskus.ee\\\/ru\\\/#organization\"},\"potentialAction\":[{\"@type\":\"SearchAction\",\"target\":{\"@type\":\"EntryPoint\",\"urlTemplate\":\"https:\\\/\\\/www.kaminakeskus.ee\\\/ru\\\/?s={search_term_string}\"},\"query-input\":{\"@type\":\"PropertyValueSpecification\",\"valueRequired\":true,\"valueName\":\"search_term_string\"}}],\"inLanguage\":\"ru-RU\"},{\"@type\":[\"Organization\",\"Place\"],\"@id\":\"https:\\\/\\\/www.kaminakeskus.ee\\\/ru\\\/#organization\",\"name\":\"R\u00e4ndr\u00fc\u00fctel HP O\u00dc\",\"alternateName\":\"KaminaKeskus\",\"url\":\"https:\\\/\\\/www.kaminakeskus.ee\\\/\",\"logo\":{\"@type\":\"ImageObject\",\"inLanguage\":\"ru-RU\",\"@id\":\"https:\\\/\\\/www.kaminakeskus.ee\\\/ru\\\/#\\\/schema\\\/logo\\\/image\\\/\",\"url\":\"https:\\\/\\\/www.kaminakeskus.ee\\\/wp-content\\\/uploads\\\/2026\\\/02\\\/Kaminakeskus-logo-1-1.jpg\",\"contentUrl\":\"https:\\\/\\\/www.kaminakeskus.ee\\\/wp-content\\\/uploads\\\/2026\\\/02\\\/Kaminakeskus-logo-1-1.jpg\",\"width\":2068,\"height\":532,\"caption\":\"R\u00e4ndr\u00fc\u00fctel HP O\u00dc\"},\"image\":{\"@id\":\"https:\\\/\\\/www.kaminakeskus.ee\\\/ru\\\/#\\\/schema\\\/logo\\\/image\\\/\"},\"sameAs\":[\"https:\\\/\\\/www.facebook.com\\\/kaminakeskus\\\/yoast\"],\"description\":\"Sales of fireplaces, chimneys and related goods. Kaminate, ahjude, pliitide, korstnate ja nendega seotud toodete m\u00fc\u00fck.\",\"legalName\":\"R\u00e4ndr\u00fc\u00fctel HP O\u00dc\",\"foundingDate\":\"1997-05-13\",\"leiCode\":\"9845007FC4HB963C8D65\",\"numberOfEmployees\":{\"@type\":\"QuantitativeValue\",\"minValue\":\"1\",\"maxValue\":\"10\"},\"telephone\":[\"+372 5543239\",\"+372 58812360\"],\"contactPoint\":{\"@type\":\"ContactPoint\",\"telephone\":\"+372 5543239\",\"email\":\"kaminakeskus@gmail.com\"},\"email\":\"kaminakeskus@gmail.com\",\"vatID\":\"EE100831739\",\"taxID\":\"10208374\"},{\"@type\":\"Person\",\"@id\":\"https:\\\/\\\/www.kaminakeskus.ee\\\/ru\\\/#\\\/schema\\\/person\\\/360e594b62899a19144add9c1b52223a\",\"name\":\"Hannes Puu\",\"image\":{\"@type\":\"ImageObject\",\"inLanguage\":\"ru-RU\",\"@id\":\"https:\\\/\\\/secure.gravatar.com\\\/avatar\\\/b66148e304070f9a285de3d83f91b79224ed0f2b2026921db92893d72ecc95eb?s=96&d=mm&r=g\",\"url\":\"https:\\\/\\\/secure.gravatar.com\\\/avatar\\\/b66148e304070f9a285de3d83f91b79224ed0f2b2026921db92893d72ecc95eb?s=96&d=mm&r=g\",\"contentUrl\":\"https:\\\/\\\/secure.gravatar.com\\\/avatar\\\/b66148e304070f9a285de3d83f91b79224ed0f2b2026921db92893d72ecc95eb?s=96&d=mm&r=g\",\"caption\":\"Hannes Puu\"},\"sameAs\":[\"http:\\\/\\\/www.kaminakeskus.ee\"]}]}<\/script>\n<!-- \/ Yoast SEO Premium plugin. -->","yoast_head_json":{"title":"\u0422\u043e\u043f\u043a\u0430 \u043a\u0430\u043c\u0438\u043d\u0430 Carbel I-100 - Kaminakeskus | Kaminad, Ahjud, Pliidid, Saunaahjud, Korstnad, Katlad","robots":{"index":"index","follow":"follow","max-snippet":"max-snippet:-1","max-image-preview":"max-image-preview:large","max-video-preview":"max-video-preview:-1"},"canonical":"https:\/\/www.kaminakeskus.ee\/ru\/%d1%81%d0%b5%d1%80%d0%b4%d1%86%d0%b5%d0%b2%d0%b8%d0%bd%d0%b0-%d0%ba%d0%b0%d0%bc%d0%b8%d0%bd%d0%b0-carbel-kronos-100\/","og_locale":"ru_RU","og_type":"article","og_title":"\u0422\u043e\u043f\u043a\u0430 \u043a\u0430\u043c\u0438\u043d\u0430 Carbel I-100 - Kaminakeskus | Kaminad, Ahjud, Pliidid, Saunaahjud, Korstnad, Katlad","og_description":"I-100 \u041c\u043e\u0449\u043d\u043e\u0441\u0442\u044c: 7-16 \u043a\u0412\u0442 \u0412\u044b\u0441\u043e\u0442\u0430: 592 \u043c\u043c \u0428\u0438\u0440\u0438\u043d\u0430: 982 \u043c\u043c [...]","og_url":"https:\/\/www.kaminakeskus.ee\/ru\/%d1%81%d0%b5%d1%80%d0%b4%d1%86%d0%b5%d0%b2%d0%b8%d0%bd%d0%b0-%d0%ba%d0%b0%d0%bc%d0%b8%d0%bd%d0%b0-carbel-kronos-100\/","og_site_name":"Kaminakeskus | Kaminad, Ahjud, Pliidid, Saunaahjud, Korstnad, Katlad","article_publisher":"https:\/\/www.facebook.com\/kaminakeskus\/yoast","article_published_time":"2020-08-10T14:35:46+00:00","article_modified_time":"2023-11-06T14:36:36+00:00","og_image":[{"url":"https:\/\/www.kaminakeskus.ee\/wp-content\/uploads\/2020\/08\/kaminasudamik-carbel-i-100-150x96.jpeg","type":"","width":"","height":""}],"author":"Hannes Puu","twitter_card":"summary_large_image","twitter_misc":{"\u041d\u0430\u043f\u0438\u0441\u0430\u043d\u043e \u0430\u0432\u0442\u043e\u0440\u043e\u043c":"Hannes Puu"},"schema":{"@context":"https:\/\/schema.org","@graph":[{"@type":"Article","@id":"https:\/\/www.kaminakeskus.ee\/ru\/%d1%81%d0%b5%d1%80%d0%b4%d1%86%d0%b5%d0%b2%d0%b8%d0%bd%d0%b0-%d0%ba%d0%b0%d0%bc%d0%b8%d0%bd%d0%b0-carbel-kronos-100\/#article","isPartOf":{"@id":"https:\/\/www.kaminakeskus.ee\/ru\/%d1%81%d0%b5%d1%80%d0%b4%d1%86%d0%b5%d0%b2%d0%b8%d0%bd%d0%b0-%d0%ba%d0%b0%d0%bc%d0%b8%d0%bd%d0%b0-carbel-kronos-100\/"},"author":{"name":"Hannes Puu","@id":"https:\/\/www.kaminakeskus.ee\/ru\/#\/schema\/person\/360e594b62899a19144add9c1b52223a"},"headline":"\u0422\u043e\u043f\u043a\u0430 \u043a\u0430\u043c\u0438\u043d\u0430 Carbel I-100","datePublished":"2020-08-10T14:35:46+00:00","dateModified":"2023-11-06T14:36:36+00:00","mainEntityOfPage":{"@id":"https:\/\/www.kaminakeskus.ee\/ru\/%d1%81%d0%b5%d1%80%d0%b4%d1%86%d0%b5%d0%b2%d0%b8%d0%bd%d0%b0-%d0%ba%d0%b0%d0%bc%d0%b8%d0%bd%d0%b0-carbel-kronos-100\/"},"wordCount":36,"publisher":{"@id":"https:\/\/www.kaminakeskus.ee\/ru\/#organization"},"image":{"@id":"https:\/\/www.kaminakeskus.ee\/ru\/%d1%81%d0%b5%d1%80%d0%b4%d1%86%d0%b5%d0%b2%d0%b8%d0%bd%d0%b0-%d0%ba%d0%b0%d0%bc%d0%b8%d0%bd%d0%b0-carbel-kronos-100\/#primaryimage"},"thumbnailUrl":"https:\/\/www.kaminakeskus.ee\/wp-content\/uploads\/2020\/08\/kaminasudamik-carbel-i-100-150x96.jpeg","articleSection":["\u041a\u0430\u043c\u0438\u043d\u043d\u044b\u0435 \u0442\u043e\u043f\u043a\u0438","\u041a\u0430\u043c\u0438\u043d\u043d\u044b\u0435 \u0442\u043e\u043f\u043a\u0438 Carbel"],"inLanguage":"ru-RU","copyrightYear":"2020","copyrightHolder":{"@id":"https:\/\/www.kaminakeskus.ee\/#organization"}},{"@type":"WebPage","@id":"https:\/\/www.kaminakeskus.ee\/ru\/%d1%81%d0%b5%d1%80%d0%b4%d1%86%d0%b5%d0%b2%d0%b8%d0%bd%d0%b0-%d0%ba%d0%b0%d0%bc%d0%b8%d0%bd%d0%b0-carbel-kronos-100\/","url":"https:\/\/www.kaminakeskus.ee\/ru\/%d1%81%d0%b5%d1%80%d0%b4%d1%86%d0%b5%d0%b2%d0%b8%d0%bd%d0%b0-%d0%ba%d0%b0%d0%bc%d0%b8%d0%bd%d0%b0-carbel-kronos-100\/","name":"\u0422\u043e\u043f\u043a\u0430 \u043a\u0430\u043c\u0438\u043d\u0430 Carbel I-100 - Kaminakeskus | Kaminad, Ahjud, Pliidid, Saunaahjud, Korstnad, Katlad","isPartOf":{"@id":"https:\/\/www.kaminakeskus.ee\/ru\/#website"},"primaryImageOfPage":{"@id":"https:\/\/www.kaminakeskus.ee\/ru\/%d1%81%d0%b5%d1%80%d0%b4%d1%86%d0%b5%d0%b2%d0%b8%d0%bd%d0%b0-%d0%ba%d0%b0%d0%bc%d0%b8%d0%bd%d0%b0-carbel-kronos-100\/#primaryimage"},"image":{"@id":"https:\/\/www.kaminakeskus.ee\/ru\/%d1%81%d0%b5%d1%80%d0%b4%d1%86%d0%b5%d0%b2%d0%b8%d0%bd%d0%b0-%d0%ba%d0%b0%d0%bc%d0%b8%d0%bd%d0%b0-carbel-kronos-100\/#primaryimage"},"thumbnailUrl":"https:\/\/www.kaminakeskus.ee\/wp-content\/uploads\/2020\/08\/kaminasudamik-carbel-i-100-150x96.jpeg","datePublished":"2020-08-10T14:35:46+00:00","dateModified":"2023-11-06T14:36:36+00:00","breadcrumb":{"@id":"https:\/\/www.kaminakeskus.ee\/ru\/%d1%81%d0%b5%d1%80%d0%b4%d1%86%d0%b5%d0%b2%d0%b8%d0%bd%d0%b0-%d0%ba%d0%b0%d0%bc%d0%b8%d0%bd%d0%b0-carbel-kronos-100\/#breadcrumb"},"inLanguage":"ru-RU","potentialAction":[{"@type":"ReadAction","target":["https:\/\/www.kaminakeskus.ee\/ru\/%d1%81%d0%b5%d1%80%d0%b4%d1%86%d0%b5%d0%b2%d0%b8%d0%bd%d0%b0-%d0%ba%d0%b0%d0%bc%d0%b8%d0%bd%d0%b0-carbel-kronos-100\/"]}]},{"@type":"ImageObject","inLanguage":"ru-RU","@id":"https:\/\/www.kaminakeskus.ee\/ru\/%d1%81%d0%b5%d1%80%d0%b4%d1%86%d0%b5%d0%b2%d0%b8%d0%bd%d0%b0-%d0%ba%d0%b0%d0%bc%d0%b8%d0%bd%d0%b0-carbel-kronos-100\/#primaryimage","url":"https:\/\/www.kaminakeskus.ee\/wp-content\/uploads\/2020\/08\/kaminasudamik-carbel-i-100-150x96.jpeg","contentUrl":"https:\/\/www.kaminakeskus.ee\/wp-content\/uploads\/2020\/08\/kaminasudamik-carbel-i-100-150x96.jpeg"},{"@type":"BreadcrumbList","@id":"https:\/\/www.kaminakeskus.ee\/ru\/%d1%81%d0%b5%d1%80%d0%b4%d1%86%d0%b5%d0%b2%d0%b8%d0%bd%d0%b0-%d0%ba%d0%b0%d0%bc%d0%b8%d0%bd%d0%b0-carbel-kronos-100\/#breadcrumb","itemListElement":[{"@type":"ListItem","position":1,"name":"Home","item":"https:\/\/www.kaminakeskus.ee\/ru\/"},{"@type":"ListItem","position":2,"name":"\u0422\u043e\u043f\u043a\u0430 \u043a\u0430\u043c\u0438\u043d\u0430 Carbel I-100"}]},{"@type":"WebSite","@id":"https:\/\/www.kaminakeskus.ee\/ru\/#website","url":"https:\/\/www.kaminakeskus.ee\/ru\/","name":"Kaminakeskus | Kaminad, Ahjud, Pliidid, Saunaahjud, Korstnad, Korsten, Moodulkorsten, Katlad","description":"Kamin Kaminad Ahi Ahjud Pliit Pliidid Korstnad Katlad","publisher":{"@id":"https:\/\/www.kaminakeskus.ee\/ru\/#organization"},"potentialAction":[{"@type":"SearchAction","target":{"@type":"EntryPoint","urlTemplate":"https:\/\/www.kaminakeskus.ee\/ru\/?s={search_term_string}"},"query-input":{"@type":"PropertyValueSpecification","valueRequired":true,"valueName":"search_term_string"}}],"inLanguage":"ru-RU"},{"@type":["Organization","Place"],"@id":"https:\/\/www.kaminakeskus.ee\/ru\/#organization","name":"R\u00e4ndr\u00fc\u00fctel HP O\u00dc","alternateName":"KaminaKeskus","url":"https:\/\/www.kaminakeskus.ee\/","logo":{"@type":"ImageObject","inLanguage":"ru-RU","@id":"https:\/\/www.kaminakeskus.ee\/ru\/#\/schema\/logo\/image\/","url":"https:\/\/www.kaminakeskus.ee\/wp-content\/uploads\/2026\/02\/Kaminakeskus-logo-1-1.jpg","contentUrl":"https:\/\/www.kaminakeskus.ee\/wp-content\/uploads\/2026\/02\/Kaminakeskus-logo-1-1.jpg","width":2068,"height":532,"caption":"R\u00e4ndr\u00fc\u00fctel HP O\u00dc"},"image":{"@id":"https:\/\/www.kaminakeskus.ee\/ru\/#\/schema\/logo\/image\/"},"sameAs":["https:\/\/www.facebook.com\/kaminakeskus\/yoast"],"description":"Sales of fireplaces, chimneys and related goods. Kaminate, ahjude, pliitide, korstnate ja nendega seotud toodete m\u00fc\u00fck.","legalName":"R\u00e4ndr\u00fc\u00fctel HP O\u00dc","foundingDate":"1997-05-13","leiCode":"9845007FC4HB963C8D65","numberOfEmployees":{"@type":"QuantitativeValue","minValue":"1","maxValue":"10"},"telephone":["+372 5543239","+372 58812360"],"contactPoint":{"@type":"ContactPoint","telephone":"+372 5543239","email":"kaminakeskus@gmail.com"},"email":"kaminakeskus@gmail.com","vatID":"EE100831739","taxID":"10208374"},{"@type":"Person","@id":"https:\/\/www.kaminakeskus.ee\/ru\/#\/schema\/person\/360e594b62899a19144add9c1b52223a","name":"Hannes Puu","image":{"@type":"ImageObject","inLanguage":"ru-RU","@id":"https:\/\/secure.gravatar.com\/avatar\/b66148e304070f9a285de3d83f91b79224ed0f2b2026921db92893d72ecc95eb?s=96&d=mm&r=g","url":"https:\/\/secure.gravatar.com\/avatar\/b66148e304070f9a285de3d83f91b79224ed0f2b2026921db92893d72ecc95eb?s=96&d=mm&r=g","contentUrl":"https:\/\/secure.gravatar.com\/avatar\/b66148e304070f9a285de3d83f91b79224ed0f2b2026921db92893d72ecc95eb?s=96&d=mm&r=g","caption":"Hannes Puu"},"sameAs":["http:\/\/www.kaminakeskus.ee"]}]}},"_links":{"self":[{"href":"https:\/\/www.kaminakeskus.ee\/ru\/wp-json\/wp\/v2\/posts\/48802","targetHints":{"allow":["GET"]}}],"collection":[{"href":"https:\/\/www.kaminakeskus.ee\/ru\/wp-json\/wp\/v2\/posts"}],"about":[{"href":"https:\/\/www.kaminakeskus.ee\/ru\/wp-json\/wp\/v2\/types\/post"}],"author":[{"embeddable":true,"href":"https:\/\/www.kaminakeskus.ee\/ru\/wp-json\/wp\/v2\/users\/3"}],"replies":[{"embeddable":true,"href":"https:\/\/www.kaminakeskus.ee\/ru\/wp-json\/wp\/v2\/comments?post=48802"}],"version-history":[{"count":2,"href":"https:\/\/www.kaminakeskus.ee\/ru\/wp-json\/wp\/v2\/posts\/48802\/revisions"}],"predecessor-version":[{"id":71924,"href":"https:\/\/www.kaminakeskus.ee\/ru\/wp-json\/wp\/v2\/posts\/48802\/revisions\/71924"}],"wp:attachment":[{"href":"https:\/\/www.kaminakeskus.ee\/ru\/wp-json\/wp\/v2\/media?parent=48802"}],"wp:term":[{"taxonomy":"category","embeddable":true,"href":"https:\/\/www.kaminakeskus.ee\/ru\/wp-json\/wp\/v2\/categories?post=48802"},{"taxonomy":"post_tag","embeddable":true,"href":"https:\/\/www.kaminakeskus.ee\/ru\/wp-json\/wp\/v2\/tags?post=48802"}],"curies":[{"name":"wp","href":"https:\/\/api.w.org\/{rel}","templated":true}]}}