{"id":49322,"date":"2017-05-19T10:14:35","date_gmt":"2017-05-19T10:14:35","guid":{"rendered":"https:\/\/test.kaminakeskus.ee\/%d1%8f%d0%b4%d1%80%d0%be-%d0%ba%d0%b0%d0%bc%d0%b8%d0%bd%d0%b0-albero-14rg-h\/"},"modified":"2025-05-23T07:44:44","modified_gmt":"2025-05-23T07:44:44","slug":"%d1%8f%d0%b4%d1%80%d0%be-%d0%ba%d0%b0%d0%bc%d0%b8%d0%bd%d0%b0-albero-14rg-h","status":"publish","type":"post","link":"https:\/\/www.kaminakeskus.ee\/ru\/%d1%8f%d0%b4%d1%80%d0%be-%d0%ba%d0%b0%d0%bc%d0%b8%d0%bd%d0%b0-albero-14rg-h\/","title":{"rendered":"\u041a\u0430\u043c\u0438\u043d\u043d\u0430\u044f \u0442\u043e\u043f\u043a\u0430 Albero 14RG.HD"},"content":{"rendered":"<div id=\"attachment_36854\" style=\"width: 160px\" class=\"wp-caption aligncenter\"><a href=\"https:\/\/www.kaminakeskus.ee\/wp-content\/uploads\/2017\/05\/14R_G_H.png\"><img decoding=\"async\" aria-describedby=\"caption-attachment-36854\" class=\"wp-image-19953 size-thumbnail\" src=\"http:\/\/www.kaminakeskus.ee\/wp-content\/uploads\/2017\/05\/14R_G_H-150x150.png\" alt=\"Parema nurgaklaasiga kaminas\u00fcdamik Hitze Albero 14RG.H\" width=\"150\" height=\"150\" srcset=\"https:\/\/www.kaminakeskus.ee\/wp-content\/uploads\/2017\/05\/14R_G_H-150x150.png 150w, https:\/\/www.kaminakeskus.ee\/wp-content\/uploads\/2017\/05\/14R_G_H.png 300w\" sizes=\"(max-width: 150px) 100vw, 150px\" \/><\/a><p id=\"caption-attachment-36854\" class=\"wp-caption-text\"><strong>\u041a\u0430\u043c\u0438\u043d\u043d\u0430\u044f \u0442\u043e\u043f\u043a\u0430 Albero 14RG.HD<\/strong><\/p><\/div>\n<p style=\"text-align: center;\">\u041c\u043e\u0449\u043d\u043e\u0441\u0442\u044c: 14 \u043a\u0412\u0442<br \/>\n \u0412\u044b\u0441\u043e\u0442\u0430: 1231 \u043c\u043c<br \/>\n \u0428\u0438\u0440\u0438\u043d\u0430: 904 \u043c\u043c<br \/>\n \u0413\u043b\u0443\u0431\u0438\u043d\u0430: 600 \u043c\u043c<br \/>\n \u0412\u0435\u0441: 210 \u043a\u0433.<br \/>\n \u0414\u0438\u0430\u043c\u0435\u0442\u0440 \u0434\u044b\u043c\u043e\u0445\u043e\u0434\u0430: 200 \u043c\u043c<br \/>\n <a href=\"https:\/\/katalog.hitze.pl\/files\/ALBERO_karta_techniczna_AL14RG.H_PL_EN.pdf\">\u0422\u0435\u0445\u043d\u0438\u0447\u0435\u0441\u043a\u0438\u0439 \u0447\u0435\u0440\u0442\u0435\u0436<\/a><br \/>\n <strong>\u0426\u0435\u043d\u0430: 2488 \u0435\u0432\u0440\u043e<br \/>\n \u0427\u0435\u0440\u043d\u044b\u0439 \u043a\u043e\u043d\u0442\u0435\u043d\u0442: +194 \u0435\u0432\u0440\u043e<\/strong><\/p>\n<p>&nbsp;<\/p>\n","protected":false},"excerpt":{"rendered":"<p>\u041c\u043e\u0449\u043d\u043e\u0441\u0442\u044c: 14 \u043a\u0412\u0442 \u0412\u044b\u0441\u043e\u0442\u0430: 1231 \u043c\u043c \u0428\u0438\u0440\u0438\u043d\u0430: 904 \u043c\u043c \u0413\u043b\u0443\u0431\u0438\u043d\u0430:  [&#8230;]<\/p>\n","protected":false},"author":3,"featured_media":0,"comment_status":"closed","ping_status":"closed","sticky":false,"template":"","format":"standard","meta":{"footnotes":""},"categories":[794,817,829,4],"tags":[],"class_list":["post-49322","post","type-post","status-publish","format-standard","hentry","category---hitze-ru","category-817","category---hitze","category-4"],"yoast_head":"<!-- This site is optimized with the Yoast SEO Premium plugin v27.5 (Yoast SEO v27.5) - https:\/\/yoast.com\/product\/yoast-seo-premium-wordpress\/ -->\n<title>\u041a\u0430\u043c\u0438\u043d\u043d\u0430\u044f \u0442\u043e\u043f\u043a\u0430 Albero 14RG.HD - Kaminakeskus | Kaminad, Ahjud, Pliidid, Saunaahjud, Korstnad, Katlad<\/title>\n<meta name=\"robots\" content=\"index, follow, max-snippet:-1, max-image-preview:large, max-video-preview:-1\" \/>\n<link rel=\"canonical\" href=\"https:\/\/www.kaminakeskus.ee\/ru\/%d1%8f%d0%b4%d1%80%d0%be-%d0%ba%d0%b0%d0%bc%d0%b8%d0%bd%d0%b0-albero-14rg-h\/\" \/>\n<meta property=\"og:locale\" content=\"ru_RU\" \/>\n<meta property=\"og:type\" content=\"article\" \/>\n<meta property=\"og:title\" content=\"\u041a\u0430\u043c\u0438\u043d\u043d\u0430\u044f \u0442\u043e\u043f\u043a\u0430 Albero 14RG.HD - Kaminakeskus | Kaminad, Ahjud, Pliidid, Saunaahjud, Korstnad, Katlad\" \/>\n<meta property=\"og:description\" content=\"\u041c\u043e\u0449\u043d\u043e\u0441\u0442\u044c: 14 \u043a\u0412\u0442 \u0412\u044b\u0441\u043e\u0442\u0430: 1231 \u043c\u043c \u0428\u0438\u0440\u0438\u043d\u0430: 904 \u043c\u043c \u0413\u043b\u0443\u0431\u0438\u043d\u0430: [...]\" \/>\n<meta property=\"og:url\" content=\"https:\/\/www.kaminakeskus.ee\/ru\/%d1%8f%d0%b4%d1%80%d0%be-%d0%ba%d0%b0%d0%bc%d0%b8%d0%bd%d0%b0-albero-14rg-h\/\" \/>\n<meta property=\"og:site_name\" content=\"Kaminakeskus | Kaminad, Ahjud, Pliidid, Saunaahjud, Korstnad, Katlad\" \/>\n<meta property=\"article:publisher\" content=\"https:\/\/www.facebook.com\/kaminakeskus\/yoast\" \/>\n<meta property=\"article:published_time\" content=\"2017-05-19T10:14:35+00:00\" \/>\n<meta property=\"article:modified_time\" content=\"2025-05-23T07:44:44+00:00\" \/>\n<meta property=\"og:image\" content=\"http:\/\/www.kaminakeskus.ee\/wp-content\/uploads\/2017\/05\/14R_G_H-150x150.png\" \/>\n<meta name=\"author\" content=\"Hannes Puu\" \/>\n<meta name=\"twitter:card\" content=\"summary_large_image\" \/>\n<meta name=\"twitter:label1\" content=\"\u041d\u0430\u043f\u0438\u0441\u0430\u043d\u043e \u0430\u0432\u0442\u043e\u0440\u043e\u043c\" \/>\n\t<meta name=\"twitter:data1\" content=\"Hannes Puu\" \/>\n<script type=\"application\/ld+json\" class=\"yoast-schema-graph\">{\"@context\":\"https:\\\/\\\/schema.org\",\"@graph\":[{\"@type\":\"Article\",\"@id\":\"https:\\\/\\\/www.kaminakeskus.ee\\\/ru\\\/%d1%8f%d0%b4%d1%80%d0%be-%d0%ba%d0%b0%d0%bc%d0%b8%d0%bd%d0%b0-albero-14rg-h\\\/#article\",\"isPartOf\":{\"@id\":\"https:\\\/\\\/www.kaminakeskus.ee\\\/ru\\\/%d1%8f%d0%b4%d1%80%d0%be-%d0%ba%d0%b0%d0%bc%d0%b8%d0%bd%d0%b0-albero-14rg-h\\\/\"},\"author\":{\"name\":\"Hannes Puu\",\"@id\":\"https:\\\/\\\/www.kaminakeskus.ee\\\/ru\\\/#\\\/schema\\\/person\\\/360e594b62899a19144add9c1b52223a\"},\"headline\":\"\u041a\u0430\u043c\u0438\u043d\u043d\u0430\u044f \u0442\u043e\u043f\u043a\u0430 Albero 14RG.HD\",\"datePublished\":\"2017-05-19T10:14:35+00:00\",\"dateModified\":\"2025-05-23T07:44:44+00:00\",\"mainEntityOfPage\":{\"@id\":\"https:\\\/\\\/www.kaminakeskus.ee\\\/ru\\\/%d1%8f%d0%b4%d1%80%d0%be-%d0%ba%d0%b0%d0%bc%d0%b8%d0%bd%d0%b0-albero-14rg-h\\\/\"},\"wordCount\":38,\"publisher\":{\"@id\":\"https:\\\/\\\/www.kaminakeskus.ee\\\/ru\\\/#organization\"},\"image\":{\"@id\":\"https:\\\/\\\/www.kaminakeskus.ee\\\/ru\\\/%d1%8f%d0%b4%d1%80%d0%be-%d0%ba%d0%b0%d0%bc%d0%b8%d0%bd%d0%b0-albero-14rg-h\\\/#primaryimage\"},\"thumbnailUrl\":\"http:\\\/\\\/www.kaminakeskus.ee\\\/wp-content\\\/uploads\\\/2017\\\/05\\\/14R_G_H-150x150.png\",\"articleSection\":[\"\u041a\u0430\u043c\u0438\u043d\u043d\u044b\u0435 \u0441\u0435\u0440\u0434\u0446\u0430 Hitze\",\"\u041a\u0430\u043c\u0438\u043d\u043d\u044b\u0435 \u0442\u043e\u043f\u043a\u0438\",\"\u041a\u0430\u043c\u0438\u043d\u043d\u044b\u0435 \u0442\u043e\u043f\u043a\u0438 Hitze\",\"\u041a\u0430\u043c\u0438\u043d\u044b\"],\"inLanguage\":\"ru-RU\",\"copyrightYear\":\"2017\",\"copyrightHolder\":{\"@id\":\"https:\\\/\\\/www.kaminakeskus.ee\\\/#organization\"}},{\"@type\":\"WebPage\",\"@id\":\"https:\\\/\\\/www.kaminakeskus.ee\\\/ru\\\/%d1%8f%d0%b4%d1%80%d0%be-%d0%ba%d0%b0%d0%bc%d0%b8%d0%bd%d0%b0-albero-14rg-h\\\/\",\"url\":\"https:\\\/\\\/www.kaminakeskus.ee\\\/ru\\\/%d1%8f%d0%b4%d1%80%d0%be-%d0%ba%d0%b0%d0%bc%d0%b8%d0%bd%d0%b0-albero-14rg-h\\\/\",\"name\":\"\u041a\u0430\u043c\u0438\u043d\u043d\u0430\u044f \u0442\u043e\u043f\u043a\u0430 Albero 14RG.HD - Kaminakeskus | Kaminad, Ahjud, Pliidid, Saunaahjud, Korstnad, Katlad\",\"isPartOf\":{\"@id\":\"https:\\\/\\\/www.kaminakeskus.ee\\\/ru\\\/#website\"},\"primaryImageOfPage\":{\"@id\":\"https:\\\/\\\/www.kaminakeskus.ee\\\/ru\\\/%d1%8f%d0%b4%d1%80%d0%be-%d0%ba%d0%b0%d0%bc%d0%b8%d0%bd%d0%b0-albero-14rg-h\\\/#primaryimage\"},\"image\":{\"@id\":\"https:\\\/\\\/www.kaminakeskus.ee\\\/ru\\\/%d1%8f%d0%b4%d1%80%d0%be-%d0%ba%d0%b0%d0%bc%d0%b8%d0%bd%d0%b0-albero-14rg-h\\\/#primaryimage\"},\"thumbnailUrl\":\"http:\\\/\\\/www.kaminakeskus.ee\\\/wp-content\\\/uploads\\\/2017\\\/05\\\/14R_G_H-150x150.png\",\"datePublished\":\"2017-05-19T10:14:35+00:00\",\"dateModified\":\"2025-05-23T07:44:44+00:00\",\"breadcrumb\":{\"@id\":\"https:\\\/\\\/www.kaminakeskus.ee\\\/ru\\\/%d1%8f%d0%b4%d1%80%d0%be-%d0%ba%d0%b0%d0%bc%d0%b8%d0%bd%d0%b0-albero-14rg-h\\\/#breadcrumb\"},\"inLanguage\":\"ru-RU\",\"potentialAction\":[{\"@type\":\"ReadAction\",\"target\":[\"https:\\\/\\\/www.kaminakeskus.ee\\\/ru\\\/%d1%8f%d0%b4%d1%80%d0%be-%d0%ba%d0%b0%d0%bc%d0%b8%d0%bd%d0%b0-albero-14rg-h\\\/\"]}]},{\"@type\":\"ImageObject\",\"inLanguage\":\"ru-RU\",\"@id\":\"https:\\\/\\\/www.kaminakeskus.ee\\\/ru\\\/%d1%8f%d0%b4%d1%80%d0%be-%d0%ba%d0%b0%d0%bc%d0%b8%d0%bd%d0%b0-albero-14rg-h\\\/#primaryimage\",\"url\":\"http:\\\/\\\/www.kaminakeskus.ee\\\/wp-content\\\/uploads\\\/2017\\\/05\\\/14R_G_H-150x150.png\",\"contentUrl\":\"http:\\\/\\\/www.kaminakeskus.ee\\\/wp-content\\\/uploads\\\/2017\\\/05\\\/14R_G_H-150x150.png\"},{\"@type\":\"BreadcrumbList\",\"@id\":\"https:\\\/\\\/www.kaminakeskus.ee\\\/ru\\\/%d1%8f%d0%b4%d1%80%d0%be-%d0%ba%d0%b0%d0%bc%d0%b8%d0%bd%d0%b0-albero-14rg-h\\\/#breadcrumb\",\"itemListElement\":[{\"@type\":\"ListItem\",\"position\":1,\"name\":\"Home\",\"item\":\"https:\\\/\\\/www.kaminakeskus.ee\\\/ru\\\/\"},{\"@type\":\"ListItem\",\"position\":2,\"name\":\"\u041a\u0430\u043c\u0438\u043d\u043d\u0430\u044f \u0442\u043e\u043f\u043a\u0430 Albero 14RG.HD\"}]},{\"@type\":\"WebSite\",\"@id\":\"https:\\\/\\\/www.kaminakeskus.ee\\\/ru\\\/#website\",\"url\":\"https:\\\/\\\/www.kaminakeskus.ee\\\/ru\\\/\",\"name\":\"Kaminakeskus | Kaminad, Ahjud, Pliidid, Saunaahjud, Korstnad, Korsten, Moodulkorsten, Katlad\",\"description\":\"Kamin Kaminad Ahi Ahjud Pliit Pliidid Korstnad Katlad\",\"publisher\":{\"@id\":\"https:\\\/\\\/www.kaminakeskus.ee\\\/ru\\\/#organization\"},\"potentialAction\":[{\"@type\":\"SearchAction\",\"target\":{\"@type\":\"EntryPoint\",\"urlTemplate\":\"https:\\\/\\\/www.kaminakeskus.ee\\\/ru\\\/?s={search_term_string}\"},\"query-input\":{\"@type\":\"PropertyValueSpecification\",\"valueRequired\":true,\"valueName\":\"search_term_string\"}}],\"inLanguage\":\"ru-RU\"},{\"@type\":[\"Organization\",\"Place\"],\"@id\":\"https:\\\/\\\/www.kaminakeskus.ee\\\/ru\\\/#organization\",\"name\":\"R\u00e4ndr\u00fc\u00fctel HP O\u00dc\",\"alternateName\":\"KaminaKeskus\",\"url\":\"https:\\\/\\\/www.kaminakeskus.ee\\\/\",\"logo\":{\"@type\":\"ImageObject\",\"inLanguage\":\"ru-RU\",\"@id\":\"https:\\\/\\\/www.kaminakeskus.ee\\\/ru\\\/#\\\/schema\\\/logo\\\/image\\\/\",\"url\":\"https:\\\/\\\/www.kaminakeskus.ee\\\/wp-content\\\/uploads\\\/2026\\\/02\\\/Kaminakeskus-logo-1-1.jpg\",\"contentUrl\":\"https:\\\/\\\/www.kaminakeskus.ee\\\/wp-content\\\/uploads\\\/2026\\\/02\\\/Kaminakeskus-logo-1-1.jpg\",\"width\":2068,\"height\":532,\"caption\":\"R\u00e4ndr\u00fc\u00fctel HP O\u00dc\"},\"image\":{\"@id\":\"https:\\\/\\\/www.kaminakeskus.ee\\\/ru\\\/#\\\/schema\\\/logo\\\/image\\\/\"},\"sameAs\":[\"https:\\\/\\\/www.facebook.com\\\/kaminakeskus\\\/yoast\"],\"description\":\"Sales of fireplaces, chimneys and related goods. Kaminate, ahjude, pliitide, korstnate ja nendega seotud toodete m\u00fc\u00fck.\",\"legalName\":\"R\u00e4ndr\u00fc\u00fctel HP O\u00dc\",\"foundingDate\":\"1997-05-13\",\"leiCode\":\"9845007FC4HB963C8D65\",\"numberOfEmployees\":{\"@type\":\"QuantitativeValue\",\"minValue\":\"1\",\"maxValue\":\"10\"},\"telephone\":[\"+372 5543239\",\"+372 58812360\"],\"contactPoint\":{\"@type\":\"ContactPoint\",\"telephone\":\"+372 5543239\",\"email\":\"kaminakeskus@gmail.com\"},\"email\":\"kaminakeskus@gmail.com\",\"vatID\":\"EE100831739\",\"taxID\":\"10208374\"},{\"@type\":\"Person\",\"@id\":\"https:\\\/\\\/www.kaminakeskus.ee\\\/ru\\\/#\\\/schema\\\/person\\\/360e594b62899a19144add9c1b52223a\",\"name\":\"Hannes Puu\",\"image\":{\"@type\":\"ImageObject\",\"inLanguage\":\"ru-RU\",\"@id\":\"https:\\\/\\\/secure.gravatar.com\\\/avatar\\\/b66148e304070f9a285de3d83f91b79224ed0f2b2026921db92893d72ecc95eb?s=96&d=mm&r=g\",\"url\":\"https:\\\/\\\/secure.gravatar.com\\\/avatar\\\/b66148e304070f9a285de3d83f91b79224ed0f2b2026921db92893d72ecc95eb?s=96&d=mm&r=g\",\"contentUrl\":\"https:\\\/\\\/secure.gravatar.com\\\/avatar\\\/b66148e304070f9a285de3d83f91b79224ed0f2b2026921db92893d72ecc95eb?s=96&d=mm&r=g\",\"caption\":\"Hannes Puu\"},\"sameAs\":[\"http:\\\/\\\/www.kaminakeskus.ee\"]}]}<\/script>\n<!-- \/ Yoast SEO Premium plugin. -->","yoast_head_json":{"title":"\u041a\u0430\u043c\u0438\u043d\u043d\u0430\u044f \u0442\u043e\u043f\u043a\u0430 Albero 14RG.HD - Kaminakeskus | Kaminad, Ahjud, Pliidid, Saunaahjud, Korstnad, Katlad","robots":{"index":"index","follow":"follow","max-snippet":"max-snippet:-1","max-image-preview":"max-image-preview:large","max-video-preview":"max-video-preview:-1"},"canonical":"https:\/\/www.kaminakeskus.ee\/ru\/%d1%8f%d0%b4%d1%80%d0%be-%d0%ba%d0%b0%d0%bc%d0%b8%d0%bd%d0%b0-albero-14rg-h\/","og_locale":"ru_RU","og_type":"article","og_title":"\u041a\u0430\u043c\u0438\u043d\u043d\u0430\u044f \u0442\u043e\u043f\u043a\u0430 Albero 14RG.HD - Kaminakeskus | Kaminad, Ahjud, Pliidid, Saunaahjud, Korstnad, Katlad","og_description":"\u041c\u043e\u0449\u043d\u043e\u0441\u0442\u044c: 14 \u043a\u0412\u0442 \u0412\u044b\u0441\u043e\u0442\u0430: 1231 \u043c\u043c \u0428\u0438\u0440\u0438\u043d\u0430: 904 \u043c\u043c \u0413\u043b\u0443\u0431\u0438\u043d\u0430: [...]","og_url":"https:\/\/www.kaminakeskus.ee\/ru\/%d1%8f%d0%b4%d1%80%d0%be-%d0%ba%d0%b0%d0%bc%d0%b8%d0%bd%d0%b0-albero-14rg-h\/","og_site_name":"Kaminakeskus | Kaminad, Ahjud, Pliidid, Saunaahjud, Korstnad, Katlad","article_publisher":"https:\/\/www.facebook.com\/kaminakeskus\/yoast","article_published_time":"2017-05-19T10:14:35+00:00","article_modified_time":"2025-05-23T07:44:44+00:00","og_image":[{"url":"http:\/\/www.kaminakeskus.ee\/wp-content\/uploads\/2017\/05\/14R_G_H-150x150.png","type":"","width":"","height":""}],"author":"Hannes Puu","twitter_card":"summary_large_image","twitter_misc":{"\u041d\u0430\u043f\u0438\u0441\u0430\u043d\u043e \u0430\u0432\u0442\u043e\u0440\u043e\u043c":"Hannes Puu"},"schema":{"@context":"https:\/\/schema.org","@graph":[{"@type":"Article","@id":"https:\/\/www.kaminakeskus.ee\/ru\/%d1%8f%d0%b4%d1%80%d0%be-%d0%ba%d0%b0%d0%bc%d0%b8%d0%bd%d0%b0-albero-14rg-h\/#article","isPartOf":{"@id":"https:\/\/www.kaminakeskus.ee\/ru\/%d1%8f%d0%b4%d1%80%d0%be-%d0%ba%d0%b0%d0%bc%d0%b8%d0%bd%d0%b0-albero-14rg-h\/"},"author":{"name":"Hannes Puu","@id":"https:\/\/www.kaminakeskus.ee\/ru\/#\/schema\/person\/360e594b62899a19144add9c1b52223a"},"headline":"\u041a\u0430\u043c\u0438\u043d\u043d\u0430\u044f \u0442\u043e\u043f\u043a\u0430 Albero 14RG.HD","datePublished":"2017-05-19T10:14:35+00:00","dateModified":"2025-05-23T07:44:44+00:00","mainEntityOfPage":{"@id":"https:\/\/www.kaminakeskus.ee\/ru\/%d1%8f%d0%b4%d1%80%d0%be-%d0%ba%d0%b0%d0%bc%d0%b8%d0%bd%d0%b0-albero-14rg-h\/"},"wordCount":38,"publisher":{"@id":"https:\/\/www.kaminakeskus.ee\/ru\/#organization"},"image":{"@id":"https:\/\/www.kaminakeskus.ee\/ru\/%d1%8f%d0%b4%d1%80%d0%be-%d0%ba%d0%b0%d0%bc%d0%b8%d0%bd%d0%b0-albero-14rg-h\/#primaryimage"},"thumbnailUrl":"http:\/\/www.kaminakeskus.ee\/wp-content\/uploads\/2017\/05\/14R_G_H-150x150.png","articleSection":["\u041a\u0430\u043c\u0438\u043d\u043d\u044b\u0435 \u0441\u0435\u0440\u0434\u0446\u0430 Hitze","\u041a\u0430\u043c\u0438\u043d\u043d\u044b\u0435 \u0442\u043e\u043f\u043a\u0438","\u041a\u0430\u043c\u0438\u043d\u043d\u044b\u0435 \u0442\u043e\u043f\u043a\u0438 Hitze","\u041a\u0430\u043c\u0438\u043d\u044b"],"inLanguage":"ru-RU","copyrightYear":"2017","copyrightHolder":{"@id":"https:\/\/www.kaminakeskus.ee\/#organization"}},{"@type":"WebPage","@id":"https:\/\/www.kaminakeskus.ee\/ru\/%d1%8f%d0%b4%d1%80%d0%be-%d0%ba%d0%b0%d0%bc%d0%b8%d0%bd%d0%b0-albero-14rg-h\/","url":"https:\/\/www.kaminakeskus.ee\/ru\/%d1%8f%d0%b4%d1%80%d0%be-%d0%ba%d0%b0%d0%bc%d0%b8%d0%bd%d0%b0-albero-14rg-h\/","name":"\u041a\u0430\u043c\u0438\u043d\u043d\u0430\u044f \u0442\u043e\u043f\u043a\u0430 Albero 14RG.HD - Kaminakeskus | Kaminad, Ahjud, Pliidid, Saunaahjud, Korstnad, Katlad","isPartOf":{"@id":"https:\/\/www.kaminakeskus.ee\/ru\/#website"},"primaryImageOfPage":{"@id":"https:\/\/www.kaminakeskus.ee\/ru\/%d1%8f%d0%b4%d1%80%d0%be-%d0%ba%d0%b0%d0%bc%d0%b8%d0%bd%d0%b0-albero-14rg-h\/#primaryimage"},"image":{"@id":"https:\/\/www.kaminakeskus.ee\/ru\/%d1%8f%d0%b4%d1%80%d0%be-%d0%ba%d0%b0%d0%bc%d0%b8%d0%bd%d0%b0-albero-14rg-h\/#primaryimage"},"thumbnailUrl":"http:\/\/www.kaminakeskus.ee\/wp-content\/uploads\/2017\/05\/14R_G_H-150x150.png","datePublished":"2017-05-19T10:14:35+00:00","dateModified":"2025-05-23T07:44:44+00:00","breadcrumb":{"@id":"https:\/\/www.kaminakeskus.ee\/ru\/%d1%8f%d0%b4%d1%80%d0%be-%d0%ba%d0%b0%d0%bc%d0%b8%d0%bd%d0%b0-albero-14rg-h\/#breadcrumb"},"inLanguage":"ru-RU","potentialAction":[{"@type":"ReadAction","target":["https:\/\/www.kaminakeskus.ee\/ru\/%d1%8f%d0%b4%d1%80%d0%be-%d0%ba%d0%b0%d0%bc%d0%b8%d0%bd%d0%b0-albero-14rg-h\/"]}]},{"@type":"ImageObject","inLanguage":"ru-RU","@id":"https:\/\/www.kaminakeskus.ee\/ru\/%d1%8f%d0%b4%d1%80%d0%be-%d0%ba%d0%b0%d0%bc%d0%b8%d0%bd%d0%b0-albero-14rg-h\/#primaryimage","url":"http:\/\/www.kaminakeskus.ee\/wp-content\/uploads\/2017\/05\/14R_G_H-150x150.png","contentUrl":"http:\/\/www.kaminakeskus.ee\/wp-content\/uploads\/2017\/05\/14R_G_H-150x150.png"},{"@type":"BreadcrumbList","@id":"https:\/\/www.kaminakeskus.ee\/ru\/%d1%8f%d0%b4%d1%80%d0%be-%d0%ba%d0%b0%d0%bc%d0%b8%d0%bd%d0%b0-albero-14rg-h\/#breadcrumb","itemListElement":[{"@type":"ListItem","position":1,"name":"Home","item":"https:\/\/www.kaminakeskus.ee\/ru\/"},{"@type":"ListItem","position":2,"name":"\u041a\u0430\u043c\u0438\u043d\u043d\u0430\u044f \u0442\u043e\u043f\u043a\u0430 Albero 14RG.HD"}]},{"@type":"WebSite","@id":"https:\/\/www.kaminakeskus.ee\/ru\/#website","url":"https:\/\/www.kaminakeskus.ee\/ru\/","name":"Kaminakeskus | Kaminad, Ahjud, Pliidid, Saunaahjud, Korstnad, Korsten, Moodulkorsten, Katlad","description":"Kamin Kaminad Ahi Ahjud Pliit Pliidid Korstnad Katlad","publisher":{"@id":"https:\/\/www.kaminakeskus.ee\/ru\/#organization"},"potentialAction":[{"@type":"SearchAction","target":{"@type":"EntryPoint","urlTemplate":"https:\/\/www.kaminakeskus.ee\/ru\/?s={search_term_string}"},"query-input":{"@type":"PropertyValueSpecification","valueRequired":true,"valueName":"search_term_string"}}],"inLanguage":"ru-RU"},{"@type":["Organization","Place"],"@id":"https:\/\/www.kaminakeskus.ee\/ru\/#organization","name":"R\u00e4ndr\u00fc\u00fctel HP O\u00dc","alternateName":"KaminaKeskus","url":"https:\/\/www.kaminakeskus.ee\/","logo":{"@type":"ImageObject","inLanguage":"ru-RU","@id":"https:\/\/www.kaminakeskus.ee\/ru\/#\/schema\/logo\/image\/","url":"https:\/\/www.kaminakeskus.ee\/wp-content\/uploads\/2026\/02\/Kaminakeskus-logo-1-1.jpg","contentUrl":"https:\/\/www.kaminakeskus.ee\/wp-content\/uploads\/2026\/02\/Kaminakeskus-logo-1-1.jpg","width":2068,"height":532,"caption":"R\u00e4ndr\u00fc\u00fctel HP O\u00dc"},"image":{"@id":"https:\/\/www.kaminakeskus.ee\/ru\/#\/schema\/logo\/image\/"},"sameAs":["https:\/\/www.facebook.com\/kaminakeskus\/yoast"],"description":"Sales of fireplaces, chimneys and related goods. Kaminate, ahjude, pliitide, korstnate ja nendega seotud toodete m\u00fc\u00fck.","legalName":"R\u00e4ndr\u00fc\u00fctel HP O\u00dc","foundingDate":"1997-05-13","leiCode":"9845007FC4HB963C8D65","numberOfEmployees":{"@type":"QuantitativeValue","minValue":"1","maxValue":"10"},"telephone":["+372 5543239","+372 58812360"],"contactPoint":{"@type":"ContactPoint","telephone":"+372 5543239","email":"kaminakeskus@gmail.com"},"email":"kaminakeskus@gmail.com","vatID":"EE100831739","taxID":"10208374"},{"@type":"Person","@id":"https:\/\/www.kaminakeskus.ee\/ru\/#\/schema\/person\/360e594b62899a19144add9c1b52223a","name":"Hannes Puu","image":{"@type":"ImageObject","inLanguage":"ru-RU","@id":"https:\/\/secure.gravatar.com\/avatar\/b66148e304070f9a285de3d83f91b79224ed0f2b2026921db92893d72ecc95eb?s=96&d=mm&r=g","url":"https:\/\/secure.gravatar.com\/avatar\/b66148e304070f9a285de3d83f91b79224ed0f2b2026921db92893d72ecc95eb?s=96&d=mm&r=g","contentUrl":"https:\/\/secure.gravatar.com\/avatar\/b66148e304070f9a285de3d83f91b79224ed0f2b2026921db92893d72ecc95eb?s=96&d=mm&r=g","caption":"Hannes Puu"},"sameAs":["http:\/\/www.kaminakeskus.ee"]}]}},"_links":{"self":[{"href":"https:\/\/www.kaminakeskus.ee\/ru\/wp-json\/wp\/v2\/posts\/49322","targetHints":{"allow":["GET"]}}],"collection":[{"href":"https:\/\/www.kaminakeskus.ee\/ru\/wp-json\/wp\/v2\/posts"}],"about":[{"href":"https:\/\/www.kaminakeskus.ee\/ru\/wp-json\/wp\/v2\/types\/post"}],"author":[{"embeddable":true,"href":"https:\/\/www.kaminakeskus.ee\/ru\/wp-json\/wp\/v2\/users\/3"}],"replies":[{"embeddable":true,"href":"https:\/\/www.kaminakeskus.ee\/ru\/wp-json\/wp\/v2\/comments?post=49322"}],"version-history":[{"count":3,"href":"https:\/\/www.kaminakeskus.ee\/ru\/wp-json\/wp\/v2\/posts\/49322\/revisions"}],"predecessor-version":[{"id":83076,"href":"https:\/\/www.kaminakeskus.ee\/ru\/wp-json\/wp\/v2\/posts\/49322\/revisions\/83076"}],"wp:attachment":[{"href":"https:\/\/www.kaminakeskus.ee\/ru\/wp-json\/wp\/v2\/media?parent=49322"}],"wp:term":[{"taxonomy":"category","embeddable":true,"href":"https:\/\/www.kaminakeskus.ee\/ru\/wp-json\/wp\/v2\/categories?post=49322"},{"taxonomy":"post_tag","embeddable":true,"href":"https:\/\/www.kaminakeskus.ee\/ru\/wp-json\/wp\/v2\/tags?post=49322"}],"curies":[{"name":"wp","href":"https:\/\/api.w.org\/{rel}","templated":true}]}}