{"id":50165,"date":"2010-10-22T19:50:42","date_gmt":"2010-10-22T19:50:42","guid":{"rendered":"https:\/\/test.kaminakeskus.ee\/%d1%8d%d0%b4%d0%b8%d0%bb%d0%ba%d0%b0%d0%bc%d0%b8%d0%bd\/"},"modified":"2010-10-22T19:50:42","modified_gmt":"2010-10-22T19:50:42","slug":"%d1%8d%d0%b4%d0%b8%d0%bb%d0%ba%d0%b0%d0%bc%d0%b8%d0%bd","status":"publish","type":"post","link":"https:\/\/www.kaminakeskus.ee\/ru\/%d1%8d%d0%b4%d0%b8%d0%bb%d0%ba%d0%b0%d0%bc%d0%b8%d0%bd\/","title":{"rendered":"\u042d\u0434\u0438\u043b\u043a\u0430\u043c\u0438\u043d"},"content":{"rendered":"<div>\n<p><img decoding=\"async\" src=\"http:\/\/www.kaminakeskus.ee\/docs\/pics\/logo%20edilkamin.jpg\" alt=\"\u043a\u0430\u043c\u0438\u043d\u044b, \u043f\u0435\u0447\u0438, \u043f\u043b\u0438\u0442\u044b, \u0431\u043e\u0439\u043b\u0435\u0440\u044b, \u0431\u0430\u043d\u043d\u044b\u0435 \u043f\u0435\u0447\u0438, \u0434\u044b\u043c\u043e\u0445\u043e\u0434\u044b, \u0434\u044b\u043c\u043e\u0445\u043e\u0434\u044b, \u043c\u043e\u0434\u0443\u043b\u044c\u043d\u044b\u0435 \u0434\u044b\u043c\u043e\u0445\u043e\u0434\u044b\"><\/p>\n<p><a href=\"http:\/\/www.edilkamin.com\/en\/focolari_chiusi_modelli.aspx\" target=\"_blank\" rel=\"noopener\">\u0421\u043c. \u0421\u0430\u0439\u0442 \u043f\u0440\u043e\u0438\u0437\u0432\u043e\u0434\u0438\u0442\u0435\u043b\u044f<\/a><\/p>\n<p><a href=\"www.kaminakeskus.ee\/docs\/pics\/Edilkamin%20s%C3%BCdamikud.pdf\" target=\"_blank\" rel=\"noopener\">\u041f\u043e\u0441\u043c\u043e\u0442\u0440\u0435\u0442\u044c \u043a\u0430\u0442\u0430\u043b\u043e\u0433 \u043a\u0430\u043c\u0438\u043d\u043d\u044b\u0445 \u0442\u043e\u043f\u043e\u043a<\/a><\/p>\n<\/div>\n","protected":false},"excerpt":{"rendered":"<p>\u0421\u043c. \u0421\u0430\u0439\u0442 \u043f\u0440\u043e\u0438\u0437\u0432\u043e\u0434\u0438\u0442\u0435\u043b\u044f \u041f\u043e\u0441\u043c\u043e\u0442\u0440\u0435\u0442\u044c \u043a\u0430\u0442\u0430\u043b\u043e\u0433 \u043a\u0430\u043c\u0438\u043d\u043d\u044b\u0445 \u0442\u043e\u043f\u043e\u043a<\/p>\n","protected":false},"author":3,"featured_media":0,"comment_status":"open","ping_status":"open","sticky":false,"template":"","format":"standard","meta":{"footnotes":""},"categories":[826],"tags":[],"class_list":["post-50165","post","type-post","status-publish","format-standard","hentry","category---edilkamin"],"yoast_head":"<!-- This site is optimized with the Yoast SEO Premium plugin v27.5 (Yoast SEO v27.5) - https:\/\/yoast.com\/product\/yoast-seo-premium-wordpress\/ -->\n<title>\u042d\u0434\u0438\u043b\u043a\u0430\u043c\u0438\u043d - Kaminakeskus | Kaminad, Ahjud, Pliidid, Saunaahjud, Korstnad, Katlad<\/title>\n<meta name=\"robots\" content=\"index, follow, max-snippet:-1, max-image-preview:large, max-video-preview:-1\" \/>\n<link rel=\"canonical\" href=\"https:\/\/www.kaminakeskus.ee\/ru\/%d1%8d%d0%b4%d0%b8%d0%bb%d0%ba%d0%b0%d0%bc%d0%b8%d0%bd\/\" \/>\n<meta property=\"og:locale\" content=\"ru_RU\" \/>\n<meta property=\"og:type\" content=\"article\" \/>\n<meta property=\"og:title\" content=\"\u042d\u0434\u0438\u043b\u043a\u0430\u043c\u0438\u043d - Kaminakeskus | Kaminad, Ahjud, Pliidid, Saunaahjud, Korstnad, Katlad\" \/>\n<meta property=\"og:description\" content=\"\u0421\u043c. \u0421\u0430\u0439\u0442 \u043f\u0440\u043e\u0438\u0437\u0432\u043e\u0434\u0438\u0442\u0435\u043b\u044f \u041f\u043e\u0441\u043c\u043e\u0442\u0440\u0435\u0442\u044c \u043a\u0430\u0442\u0430\u043b\u043e\u0433 \u043a\u0430\u043c\u0438\u043d\u043d\u044b\u0445 \u0442\u043e\u043f\u043e\u043a\" \/>\n<meta property=\"og:url\" content=\"https:\/\/www.kaminakeskus.ee\/ru\/%d1%8d%d0%b4%d0%b8%d0%bb%d0%ba%d0%b0%d0%bc%d0%b8%d0%bd\/\" \/>\n<meta property=\"og:site_name\" content=\"Kaminakeskus | Kaminad, Ahjud, Pliidid, Saunaahjud, Korstnad, Katlad\" \/>\n<meta property=\"article:publisher\" content=\"https:\/\/www.facebook.com\/kaminakeskus\/yoast\" \/>\n<meta property=\"article:published_time\" content=\"2010-10-22T19:50:42+00:00\" \/>\n<meta property=\"og:image\" content=\"http:\/\/www.kaminakeskus.ee\/docs\/pics\/logo%20edilkamin.jpg\" \/>\n<meta name=\"author\" content=\"Hannes Puu\" \/>\n<meta name=\"twitter:card\" content=\"summary_large_image\" \/>\n<meta name=\"twitter:label1\" content=\"\u041d\u0430\u043f\u0438\u0441\u0430\u043d\u043e \u0430\u0432\u0442\u043e\u0440\u043e\u043c\" \/>\n\t<meta name=\"twitter:data1\" content=\"Hannes Puu\" \/>\n<script type=\"application\/ld+json\" class=\"yoast-schema-graph\">{\"@context\":\"https:\\\/\\\/schema.org\",\"@graph\":[{\"@type\":\"Article\",\"@id\":\"https:\\\/\\\/www.kaminakeskus.ee\\\/ru\\\/%d1%8d%d0%b4%d0%b8%d0%bb%d0%ba%d0%b0%d0%bc%d0%b8%d0%bd\\\/#article\",\"isPartOf\":{\"@id\":\"https:\\\/\\\/www.kaminakeskus.ee\\\/ru\\\/%d1%8d%d0%b4%d0%b8%d0%bb%d0%ba%d0%b0%d0%bc%d0%b8%d0%bd\\\/\"},\"author\":{\"name\":\"Hannes Puu\",\"@id\":\"https:\\\/\\\/www.kaminakeskus.ee\\\/ru\\\/#\\\/schema\\\/person\\\/360e594b62899a19144add9c1b52223a\"},\"headline\":\"\u042d\u0434\u0438\u043b\u043a\u0430\u043c\u0438\u043d\",\"datePublished\":\"2010-10-22T19:50:42+00:00\",\"mainEntityOfPage\":{\"@id\":\"https:\\\/\\\/www.kaminakeskus.ee\\\/ru\\\/%d1%8d%d0%b4%d0%b8%d0%bb%d0%ba%d0%b0%d0%bc%d0%b8%d0%bd\\\/\"},\"wordCount\":8,\"commentCount\":0,\"publisher\":{\"@id\":\"https:\\\/\\\/www.kaminakeskus.ee\\\/ru\\\/#organization\"},\"image\":{\"@id\":\"https:\\\/\\\/www.kaminakeskus.ee\\\/ru\\\/%d1%8d%d0%b4%d0%b8%d0%bb%d0%ba%d0%b0%d0%bc%d0%b8%d0%bd\\\/#primaryimage\"},\"thumbnailUrl\":\"http:\\\/\\\/www.kaminakeskus.ee\\\/docs\\\/pics\\\/logo%20edilkamin.jpg\",\"articleSection\":[\"\u041a\u0430\u043c\u0438\u043d\u043d\u044b\u0435 \u0442\u043e\u043f\u043a\u0438 Edilkamin\"],\"inLanguage\":\"ru-RU\",\"potentialAction\":[{\"@type\":\"CommentAction\",\"name\":\"Comment\",\"target\":[\"https:\\\/\\\/www.kaminakeskus.ee\\\/ru\\\/%d1%8d%d0%b4%d0%b8%d0%bb%d0%ba%d0%b0%d0%bc%d0%b8%d0%bd\\\/#respond\"]}],\"copyrightYear\":\"2010\",\"copyrightHolder\":{\"@id\":\"https:\\\/\\\/www.kaminakeskus.ee\\\/#organization\"}},{\"@type\":\"WebPage\",\"@id\":\"https:\\\/\\\/www.kaminakeskus.ee\\\/ru\\\/%d1%8d%d0%b4%d0%b8%d0%bb%d0%ba%d0%b0%d0%bc%d0%b8%d0%bd\\\/\",\"url\":\"https:\\\/\\\/www.kaminakeskus.ee\\\/ru\\\/%d1%8d%d0%b4%d0%b8%d0%bb%d0%ba%d0%b0%d0%bc%d0%b8%d0%bd\\\/\",\"name\":\"\u042d\u0434\u0438\u043b\u043a\u0430\u043c\u0438\u043d - Kaminakeskus | Kaminad, Ahjud, Pliidid, Saunaahjud, Korstnad, Katlad\",\"isPartOf\":{\"@id\":\"https:\\\/\\\/www.kaminakeskus.ee\\\/ru\\\/#website\"},\"primaryImageOfPage\":{\"@id\":\"https:\\\/\\\/www.kaminakeskus.ee\\\/ru\\\/%d1%8d%d0%b4%d0%b8%d0%bb%d0%ba%d0%b0%d0%bc%d0%b8%d0%bd\\\/#primaryimage\"},\"image\":{\"@id\":\"https:\\\/\\\/www.kaminakeskus.ee\\\/ru\\\/%d1%8d%d0%b4%d0%b8%d0%bb%d0%ba%d0%b0%d0%bc%d0%b8%d0%bd\\\/#primaryimage\"},\"thumbnailUrl\":\"http:\\\/\\\/www.kaminakeskus.ee\\\/docs\\\/pics\\\/logo%20edilkamin.jpg\",\"datePublished\":\"2010-10-22T19:50:42+00:00\",\"breadcrumb\":{\"@id\":\"https:\\\/\\\/www.kaminakeskus.ee\\\/ru\\\/%d1%8d%d0%b4%d0%b8%d0%bb%d0%ba%d0%b0%d0%bc%d0%b8%d0%bd\\\/#breadcrumb\"},\"inLanguage\":\"ru-RU\",\"potentialAction\":[{\"@type\":\"ReadAction\",\"target\":[\"https:\\\/\\\/www.kaminakeskus.ee\\\/ru\\\/%d1%8d%d0%b4%d0%b8%d0%bb%d0%ba%d0%b0%d0%bc%d0%b8%d0%bd\\\/\"]}]},{\"@type\":\"ImageObject\",\"inLanguage\":\"ru-RU\",\"@id\":\"https:\\\/\\\/www.kaminakeskus.ee\\\/ru\\\/%d1%8d%d0%b4%d0%b8%d0%bb%d0%ba%d0%b0%d0%bc%d0%b8%d0%bd\\\/#primaryimage\",\"url\":\"http:\\\/\\\/www.kaminakeskus.ee\\\/docs\\\/pics\\\/logo%20edilkamin.jpg\",\"contentUrl\":\"http:\\\/\\\/www.kaminakeskus.ee\\\/docs\\\/pics\\\/logo%20edilkamin.jpg\"},{\"@type\":\"BreadcrumbList\",\"@id\":\"https:\\\/\\\/www.kaminakeskus.ee\\\/ru\\\/%d1%8d%d0%b4%d0%b8%d0%bb%d0%ba%d0%b0%d0%bc%d0%b8%d0%bd\\\/#breadcrumb\",\"itemListElement\":[{\"@type\":\"ListItem\",\"position\":1,\"name\":\"Home\",\"item\":\"https:\\\/\\\/www.kaminakeskus.ee\\\/ru\\\/\"},{\"@type\":\"ListItem\",\"position\":2,\"name\":\"\u042d\u0434\u0438\u043b\u043a\u0430\u043c\u0438\u043d\"}]},{\"@type\":\"WebSite\",\"@id\":\"https:\\\/\\\/www.kaminakeskus.ee\\\/ru\\\/#website\",\"url\":\"https:\\\/\\\/www.kaminakeskus.ee\\\/ru\\\/\",\"name\":\"Kaminakeskus | Kaminad, Ahjud, Pliidid, Saunaahjud, Korstnad, Korsten, Moodulkorsten, Katlad\",\"description\":\"Kamin Kaminad Ahi Ahjud Pliit Pliidid Korstnad Katlad\",\"publisher\":{\"@id\":\"https:\\\/\\\/www.kaminakeskus.ee\\\/ru\\\/#organization\"},\"potentialAction\":[{\"@type\":\"SearchAction\",\"target\":{\"@type\":\"EntryPoint\",\"urlTemplate\":\"https:\\\/\\\/www.kaminakeskus.ee\\\/ru\\\/?s={search_term_string}\"},\"query-input\":{\"@type\":\"PropertyValueSpecification\",\"valueRequired\":true,\"valueName\":\"search_term_string\"}}],\"inLanguage\":\"ru-RU\"},{\"@type\":[\"Organization\",\"Place\"],\"@id\":\"https:\\\/\\\/www.kaminakeskus.ee\\\/ru\\\/#organization\",\"name\":\"R\u00e4ndr\u00fc\u00fctel HP O\u00dc\",\"alternateName\":\"KaminaKeskus\",\"url\":\"https:\\\/\\\/www.kaminakeskus.ee\\\/\",\"logo\":{\"@type\":\"ImageObject\",\"inLanguage\":\"ru-RU\",\"@id\":\"https:\\\/\\\/www.kaminakeskus.ee\\\/ru\\\/#\\\/schema\\\/logo\\\/image\\\/\",\"url\":\"https:\\\/\\\/www.kaminakeskus.ee\\\/wp-content\\\/uploads\\\/2026\\\/02\\\/Kaminakeskus-logo-1-1.jpg\",\"contentUrl\":\"https:\\\/\\\/www.kaminakeskus.ee\\\/wp-content\\\/uploads\\\/2026\\\/02\\\/Kaminakeskus-logo-1-1.jpg\",\"width\":2068,\"height\":532,\"caption\":\"R\u00e4ndr\u00fc\u00fctel HP O\u00dc\"},\"image\":{\"@id\":\"https:\\\/\\\/www.kaminakeskus.ee\\\/ru\\\/#\\\/schema\\\/logo\\\/image\\\/\"},\"sameAs\":[\"https:\\\/\\\/www.facebook.com\\\/kaminakeskus\\\/yoast\"],\"description\":\"Sales of fireplaces, chimneys and related goods. Kaminate, ahjude, pliitide, korstnate ja nendega seotud toodete m\u00fc\u00fck.\",\"legalName\":\"R\u00e4ndr\u00fc\u00fctel HP O\u00dc\",\"foundingDate\":\"1997-05-13\",\"leiCode\":\"9845007FC4HB963C8D65\",\"numberOfEmployees\":{\"@type\":\"QuantitativeValue\",\"minValue\":\"1\",\"maxValue\":\"10\"},\"telephone\":[\"+372 5543239\",\"+372 58812360\"],\"contactPoint\":{\"@type\":\"ContactPoint\",\"telephone\":\"+372 5543239\",\"email\":\"kaminakeskus@gmail.com\"},\"email\":\"kaminakeskus@gmail.com\",\"vatID\":\"EE100831739\",\"taxID\":\"10208374\"},{\"@type\":\"Person\",\"@id\":\"https:\\\/\\\/www.kaminakeskus.ee\\\/ru\\\/#\\\/schema\\\/person\\\/360e594b62899a19144add9c1b52223a\",\"name\":\"Hannes Puu\",\"image\":{\"@type\":\"ImageObject\",\"inLanguage\":\"ru-RU\",\"@id\":\"https:\\\/\\\/secure.gravatar.com\\\/avatar\\\/b66148e304070f9a285de3d83f91b79224ed0f2b2026921db92893d72ecc95eb?s=96&d=mm&r=g\",\"url\":\"https:\\\/\\\/secure.gravatar.com\\\/avatar\\\/b66148e304070f9a285de3d83f91b79224ed0f2b2026921db92893d72ecc95eb?s=96&d=mm&r=g\",\"contentUrl\":\"https:\\\/\\\/secure.gravatar.com\\\/avatar\\\/b66148e304070f9a285de3d83f91b79224ed0f2b2026921db92893d72ecc95eb?s=96&d=mm&r=g\",\"caption\":\"Hannes Puu\"},\"sameAs\":[\"http:\\\/\\\/www.kaminakeskus.ee\"]}]}<\/script>\n<!-- \/ Yoast SEO Premium plugin. -->","yoast_head_json":{"title":"\u042d\u0434\u0438\u043b\u043a\u0430\u043c\u0438\u043d - Kaminakeskus | Kaminad, Ahjud, Pliidid, Saunaahjud, Korstnad, Katlad","robots":{"index":"index","follow":"follow","max-snippet":"max-snippet:-1","max-image-preview":"max-image-preview:large","max-video-preview":"max-video-preview:-1"},"canonical":"https:\/\/www.kaminakeskus.ee\/ru\/%d1%8d%d0%b4%d0%b8%d0%bb%d0%ba%d0%b0%d0%bc%d0%b8%d0%bd\/","og_locale":"ru_RU","og_type":"article","og_title":"\u042d\u0434\u0438\u043b\u043a\u0430\u043c\u0438\u043d - Kaminakeskus | Kaminad, Ahjud, Pliidid, Saunaahjud, Korstnad, Katlad","og_description":"\u0421\u043c. \u0421\u0430\u0439\u0442 \u043f\u0440\u043e\u0438\u0437\u0432\u043e\u0434\u0438\u0442\u0435\u043b\u044f \u041f\u043e\u0441\u043c\u043e\u0442\u0440\u0435\u0442\u044c \u043a\u0430\u0442\u0430\u043b\u043e\u0433 \u043a\u0430\u043c\u0438\u043d\u043d\u044b\u0445 \u0442\u043e\u043f\u043e\u043a","og_url":"https:\/\/www.kaminakeskus.ee\/ru\/%d1%8d%d0%b4%d0%b8%d0%bb%d0%ba%d0%b0%d0%bc%d0%b8%d0%bd\/","og_site_name":"Kaminakeskus | Kaminad, Ahjud, Pliidid, Saunaahjud, Korstnad, Katlad","article_publisher":"https:\/\/www.facebook.com\/kaminakeskus\/yoast","article_published_time":"2010-10-22T19:50:42+00:00","og_image":[{"url":"http:\/\/www.kaminakeskus.ee\/docs\/pics\/logo%20edilkamin.jpg","type":"","width":"","height":""}],"author":"Hannes Puu","twitter_card":"summary_large_image","twitter_misc":{"\u041d\u0430\u043f\u0438\u0441\u0430\u043d\u043e \u0430\u0432\u0442\u043e\u0440\u043e\u043c":"Hannes Puu"},"schema":{"@context":"https:\/\/schema.org","@graph":[{"@type":"Article","@id":"https:\/\/www.kaminakeskus.ee\/ru\/%d1%8d%d0%b4%d0%b8%d0%bb%d0%ba%d0%b0%d0%bc%d0%b8%d0%bd\/#article","isPartOf":{"@id":"https:\/\/www.kaminakeskus.ee\/ru\/%d1%8d%d0%b4%d0%b8%d0%bb%d0%ba%d0%b0%d0%bc%d0%b8%d0%bd\/"},"author":{"name":"Hannes Puu","@id":"https:\/\/www.kaminakeskus.ee\/ru\/#\/schema\/person\/360e594b62899a19144add9c1b52223a"},"headline":"\u042d\u0434\u0438\u043b\u043a\u0430\u043c\u0438\u043d","datePublished":"2010-10-22T19:50:42+00:00","mainEntityOfPage":{"@id":"https:\/\/www.kaminakeskus.ee\/ru\/%d1%8d%d0%b4%d0%b8%d0%bb%d0%ba%d0%b0%d0%bc%d0%b8%d0%bd\/"},"wordCount":8,"commentCount":0,"publisher":{"@id":"https:\/\/www.kaminakeskus.ee\/ru\/#organization"},"image":{"@id":"https:\/\/www.kaminakeskus.ee\/ru\/%d1%8d%d0%b4%d0%b8%d0%bb%d0%ba%d0%b0%d0%bc%d0%b8%d0%bd\/#primaryimage"},"thumbnailUrl":"http:\/\/www.kaminakeskus.ee\/docs\/pics\/logo%20edilkamin.jpg","articleSection":["\u041a\u0430\u043c\u0438\u043d\u043d\u044b\u0435 \u0442\u043e\u043f\u043a\u0438 Edilkamin"],"inLanguage":"ru-RU","potentialAction":[{"@type":"CommentAction","name":"Comment","target":["https:\/\/www.kaminakeskus.ee\/ru\/%d1%8d%d0%b4%d0%b8%d0%bb%d0%ba%d0%b0%d0%bc%d0%b8%d0%bd\/#respond"]}],"copyrightYear":"2010","copyrightHolder":{"@id":"https:\/\/www.kaminakeskus.ee\/#organization"}},{"@type":"WebPage","@id":"https:\/\/www.kaminakeskus.ee\/ru\/%d1%8d%d0%b4%d0%b8%d0%bb%d0%ba%d0%b0%d0%bc%d0%b8%d0%bd\/","url":"https:\/\/www.kaminakeskus.ee\/ru\/%d1%8d%d0%b4%d0%b8%d0%bb%d0%ba%d0%b0%d0%bc%d0%b8%d0%bd\/","name":"\u042d\u0434\u0438\u043b\u043a\u0430\u043c\u0438\u043d - Kaminakeskus | Kaminad, Ahjud, Pliidid, Saunaahjud, Korstnad, Katlad","isPartOf":{"@id":"https:\/\/www.kaminakeskus.ee\/ru\/#website"},"primaryImageOfPage":{"@id":"https:\/\/www.kaminakeskus.ee\/ru\/%d1%8d%d0%b4%d0%b8%d0%bb%d0%ba%d0%b0%d0%bc%d0%b8%d0%bd\/#primaryimage"},"image":{"@id":"https:\/\/www.kaminakeskus.ee\/ru\/%d1%8d%d0%b4%d0%b8%d0%bb%d0%ba%d0%b0%d0%bc%d0%b8%d0%bd\/#primaryimage"},"thumbnailUrl":"http:\/\/www.kaminakeskus.ee\/docs\/pics\/logo%20edilkamin.jpg","datePublished":"2010-10-22T19:50:42+00:00","breadcrumb":{"@id":"https:\/\/www.kaminakeskus.ee\/ru\/%d1%8d%d0%b4%d0%b8%d0%bb%d0%ba%d0%b0%d0%bc%d0%b8%d0%bd\/#breadcrumb"},"inLanguage":"ru-RU","potentialAction":[{"@type":"ReadAction","target":["https:\/\/www.kaminakeskus.ee\/ru\/%d1%8d%d0%b4%d0%b8%d0%bb%d0%ba%d0%b0%d0%bc%d0%b8%d0%bd\/"]}]},{"@type":"ImageObject","inLanguage":"ru-RU","@id":"https:\/\/www.kaminakeskus.ee\/ru\/%d1%8d%d0%b4%d0%b8%d0%bb%d0%ba%d0%b0%d0%bc%d0%b8%d0%bd\/#primaryimage","url":"http:\/\/www.kaminakeskus.ee\/docs\/pics\/logo%20edilkamin.jpg","contentUrl":"http:\/\/www.kaminakeskus.ee\/docs\/pics\/logo%20edilkamin.jpg"},{"@type":"BreadcrumbList","@id":"https:\/\/www.kaminakeskus.ee\/ru\/%d1%8d%d0%b4%d0%b8%d0%bb%d0%ba%d0%b0%d0%bc%d0%b8%d0%bd\/#breadcrumb","itemListElement":[{"@type":"ListItem","position":1,"name":"Home","item":"https:\/\/www.kaminakeskus.ee\/ru\/"},{"@type":"ListItem","position":2,"name":"\u042d\u0434\u0438\u043b\u043a\u0430\u043c\u0438\u043d"}]},{"@type":"WebSite","@id":"https:\/\/www.kaminakeskus.ee\/ru\/#website","url":"https:\/\/www.kaminakeskus.ee\/ru\/","name":"Kaminakeskus | Kaminad, Ahjud, Pliidid, Saunaahjud, Korstnad, Korsten, Moodulkorsten, Katlad","description":"Kamin Kaminad Ahi Ahjud Pliit Pliidid Korstnad Katlad","publisher":{"@id":"https:\/\/www.kaminakeskus.ee\/ru\/#organization"},"potentialAction":[{"@type":"SearchAction","target":{"@type":"EntryPoint","urlTemplate":"https:\/\/www.kaminakeskus.ee\/ru\/?s={search_term_string}"},"query-input":{"@type":"PropertyValueSpecification","valueRequired":true,"valueName":"search_term_string"}}],"inLanguage":"ru-RU"},{"@type":["Organization","Place"],"@id":"https:\/\/www.kaminakeskus.ee\/ru\/#organization","name":"R\u00e4ndr\u00fc\u00fctel HP O\u00dc","alternateName":"KaminaKeskus","url":"https:\/\/www.kaminakeskus.ee\/","logo":{"@type":"ImageObject","inLanguage":"ru-RU","@id":"https:\/\/www.kaminakeskus.ee\/ru\/#\/schema\/logo\/image\/","url":"https:\/\/www.kaminakeskus.ee\/wp-content\/uploads\/2026\/02\/Kaminakeskus-logo-1-1.jpg","contentUrl":"https:\/\/www.kaminakeskus.ee\/wp-content\/uploads\/2026\/02\/Kaminakeskus-logo-1-1.jpg","width":2068,"height":532,"caption":"R\u00e4ndr\u00fc\u00fctel HP O\u00dc"},"image":{"@id":"https:\/\/www.kaminakeskus.ee\/ru\/#\/schema\/logo\/image\/"},"sameAs":["https:\/\/www.facebook.com\/kaminakeskus\/yoast"],"description":"Sales of fireplaces, chimneys and related goods. Kaminate, ahjude, pliitide, korstnate ja nendega seotud toodete m\u00fc\u00fck.","legalName":"R\u00e4ndr\u00fc\u00fctel HP O\u00dc","foundingDate":"1997-05-13","leiCode":"9845007FC4HB963C8D65","numberOfEmployees":{"@type":"QuantitativeValue","minValue":"1","maxValue":"10"},"telephone":["+372 5543239","+372 58812360"],"contactPoint":{"@type":"ContactPoint","telephone":"+372 5543239","email":"kaminakeskus@gmail.com"},"email":"kaminakeskus@gmail.com","vatID":"EE100831739","taxID":"10208374"},{"@type":"Person","@id":"https:\/\/www.kaminakeskus.ee\/ru\/#\/schema\/person\/360e594b62899a19144add9c1b52223a","name":"Hannes Puu","image":{"@type":"ImageObject","inLanguage":"ru-RU","@id":"https:\/\/secure.gravatar.com\/avatar\/b66148e304070f9a285de3d83f91b79224ed0f2b2026921db92893d72ecc95eb?s=96&d=mm&r=g","url":"https:\/\/secure.gravatar.com\/avatar\/b66148e304070f9a285de3d83f91b79224ed0f2b2026921db92893d72ecc95eb?s=96&d=mm&r=g","contentUrl":"https:\/\/secure.gravatar.com\/avatar\/b66148e304070f9a285de3d83f91b79224ed0f2b2026921db92893d72ecc95eb?s=96&d=mm&r=g","caption":"Hannes Puu"},"sameAs":["http:\/\/www.kaminakeskus.ee"]}]}},"_links":{"self":[{"href":"https:\/\/www.kaminakeskus.ee\/ru\/wp-json\/wp\/v2\/posts\/50165","targetHints":{"allow":["GET"]}}],"collection":[{"href":"https:\/\/www.kaminakeskus.ee\/ru\/wp-json\/wp\/v2\/posts"}],"about":[{"href":"https:\/\/www.kaminakeskus.ee\/ru\/wp-json\/wp\/v2\/types\/post"}],"author":[{"embeddable":true,"href":"https:\/\/www.kaminakeskus.ee\/ru\/wp-json\/wp\/v2\/users\/3"}],"replies":[{"embeddable":true,"href":"https:\/\/www.kaminakeskus.ee\/ru\/wp-json\/wp\/v2\/comments?post=50165"}],"version-history":[{"count":0,"href":"https:\/\/www.kaminakeskus.ee\/ru\/wp-json\/wp\/v2\/posts\/50165\/revisions"}],"wp:attachment":[{"href":"https:\/\/www.kaminakeskus.ee\/ru\/wp-json\/wp\/v2\/media?parent=50165"}],"wp:term":[{"taxonomy":"category","embeddable":true,"href":"https:\/\/www.kaminakeskus.ee\/ru\/wp-json\/wp\/v2\/categories?post=50165"},{"taxonomy":"post_tag","embeddable":true,"href":"https:\/\/www.kaminakeskus.ee\/ru\/wp-json\/wp\/v2\/tags?post=50165"}],"curies":[{"name":"wp","href":"https:\/\/api.w.org\/{rel}","templated":true}]}}