{"id":68504,"date":"2023-06-16T09:47:48","date_gmt":"2023-06-16T09:47:48","guid":{"rendered":"https:\/\/www.kaminakeskus.ee\/malmkamin-plamen-alberto\/"},"modified":"2023-12-05T15:01:09","modified_gmt":"2023-12-05T15:01:09","slug":"malmkamin-plamen-alberto","status":"publish","type":"post","link":"https:\/\/www.kaminakeskus.ee\/ru\/malmkamin-plamen-alberto\/","title":{"rendered":"\u0427\u0443\u0433\u0443\u043d\u043d\u044b\u0439 \u043a\u0430\u043c\u0438\u043d Plamen Alberto"},"content":{"rendered":"<div id=\"attachment_68496\" style=\"width: 113px\" class=\"wp-caption alignleft\"><a href=\"https:\/\/www.kaminakeskus.ee\/wp-content\/uploads\/2023\/06\/malmkamin_plamen_alberto-103x150.png\"><img decoding=\"async\" aria-describedby=\"caption-attachment-68496\" class=\"size-thumbnail wp-image-68493\" src=\"https:\/\/www.kaminakeskus.ee\/wp-content\/uploads\/2023\/06\/malmkamin_plamen_alberto-103x150.png\" alt=\"\" width=\"103\" height=\"150\" srcset=\"https:\/\/www.kaminakeskus.ee\/wp-content\/uploads\/2023\/06\/malmkamin_plamen_alberto-103x150.png 103w, https:\/\/www.kaminakeskus.ee\/wp-content\/uploads\/2023\/06\/malmkamin_plamen_alberto-200x292.png 200w, https:\/\/www.kaminakeskus.ee\/wp-content\/uploads\/2023\/06\/malmkamin_plamen_alberto-206x300.png 206w, https:\/\/www.kaminakeskus.ee\/wp-content\/uploads\/2023\/06\/malmkamin_plamen_alberto-400x584.png 400w, https:\/\/www.kaminakeskus.ee\/wp-content\/uploads\/2023\/06\/malmkamin_plamen_alberto-600x875.png 600w, https:\/\/www.kaminakeskus.ee\/wp-content\/uploads\/2023\/06\/malmkamin_plamen_alberto-702x1024.png 702w, https:\/\/www.kaminakeskus.ee\/wp-content\/uploads\/2023\/06\/malmkamin_plamen_alberto-768x1121.png 768w, https:\/\/www.kaminakeskus.ee\/wp-content\/uploads\/2023\/06\/malmkamin_plamen_alberto-800x1167.png 800w, https:\/\/www.kaminakeskus.ee\/wp-content\/uploads\/2023\/06\/malmkamin_plamen_alberto-1053x1536.png 1053w, https:\/\/www.kaminakeskus.ee\/wp-content\/uploads\/2023\/06\/malmkamin_plamen_alberto-1200x1751.png 1200w, https:\/\/www.kaminakeskus.ee\/wp-content\/uploads\/2023\/06\/malmkamin_plamen_alberto-1404x2048.png 1404w, https:\/\/www.kaminakeskus.ee\/wp-content\/uploads\/2023\/06\/malmkamin_plamen_alberto.png 1708w\" sizes=\"(max-width: 103px) 100vw, 103px\" \/><\/a><p id=\"caption-attachment-68496\" class=\"wp-caption-text\">\u0427\u0443\u0433\u0443\u043d\u043d\u044b\u0439 \u043a\u0430\u043c\u0438\u043d Plamen Alberto<\/p><\/div>\n<p><strong>\u0410\u043b\u044c\u0431\u0435\u0440\u0442\u043e<\/strong><br \/>\n\u041c\u043e\u0449\u043d\u043e\u0441\u0442\u044c: 8,6-11 \u043a\u0412\u0442<br \/>\n\u0412\u044b\u0441\u043e\u0442\u0430: 829 \u043c\u043c<br \/>\n\u0428\u0438\u0440\u0438\u043d\u0430: 630 \u043c\u043c<br \/>\n\u0413\u043b\u0443\u0431\u0438\u043d\u0430: 441 \u043c\u043c<br \/>\n\u0414\u0438\u0430\u043c\u0435\u0442\u0440 \u0434\u044b\u043c\u043e\u0445\u043e\u0434\u0430: \u00d8 150 \u043c\u043c<br \/>\n\u0412\u0435\u0441: 140 \u043a\u0433<br \/>\n\u0427\u0435\u0440\u043d\u044b\u0439 \u0446\u0432\u0435\u0442<br \/>\n<strong><del>\u0426\u0435\u043d\u0430: 987 \u0435\u0432\u0440\u043e<\/del><br \/>\n<span style=\"color: #ff0000;\">\u0426\u0435\u043d\u0430: 864 \u0435\u0432\u0440\u043e<\/span><\/strong><\/p>\n","protected":false},"excerpt":{"rendered":"<p>\u0410\u043b\u044c\u0431\u0435\u0440\u0442\u043e \u041c\u043e\u0449\u043d\u043e\u0441\u0442\u044c: 8,6-11 \u043a\u0412\u0442 \u0412\u044b\u0441\u043e\u0442\u0430: 829 \u043c\u043c \u0428\u0438\u0440\u0438\u043d\u0430: 630 \u043c\u043c  [&#8230;]<\/p>\n","protected":false},"author":3,"featured_media":0,"comment_status":"closed","ping_status":"closed","sticky":false,"template":"","format":"standard","meta":{"footnotes":""},"categories":[4,760,772,970,546],"tags":[],"class_list":{"0":"post-68504","1":"post","2":"type-post","3":"status-publish","4":"format-standard","5":"hentry","6":"category-4","7":"category--ru","8":"category--plamen","10":"category---1"},"yoast_head":"<!-- This site is optimized with the Yoast SEO Premium plugin v27.5 (Yoast SEO v27.5) - https:\/\/yoast.com\/product\/yoast-seo-premium-wordpress\/ -->\n<title>\u0427\u0443\u0433\u0443\u043d\u043d\u044b\u0439 \u043a\u0430\u043c\u0438\u043d Plamen Alberto - Kaminakeskus | Kaminad, Ahjud, Pliidid, Saunaahjud, Korstnad, Katlad<\/title>\n<meta name=\"robots\" content=\"index, follow, max-snippet:-1, max-image-preview:large, max-video-preview:-1\" \/>\n<link rel=\"canonical\" href=\"https:\/\/www.kaminakeskus.ee\/ru\/malmkamin-plamen-alberto\/\" \/>\n<meta property=\"og:locale\" content=\"ru_RU\" \/>\n<meta property=\"og:type\" content=\"article\" \/>\n<meta property=\"og:title\" content=\"\u0427\u0443\u0433\u0443\u043d\u043d\u044b\u0439 \u043a\u0430\u043c\u0438\u043d Plamen Alberto - Kaminakeskus | Kaminad, Ahjud, Pliidid, Saunaahjud, Korstnad, Katlad\" \/>\n<meta property=\"og:description\" content=\"\u0410\u043b\u044c\u0431\u0435\u0440\u0442\u043e \u041c\u043e\u0449\u043d\u043e\u0441\u0442\u044c: 8,6-11 \u043a\u0412\u0442 \u0412\u044b\u0441\u043e\u0442\u0430: 829 \u043c\u043c \u0428\u0438\u0440\u0438\u043d\u0430: 630 \u043c\u043c [...]\" \/>\n<meta property=\"og:url\" content=\"https:\/\/www.kaminakeskus.ee\/ru\/malmkamin-plamen-alberto\/\" \/>\n<meta property=\"og:site_name\" content=\"Kaminakeskus | Kaminad, Ahjud, Pliidid, Saunaahjud, Korstnad, Katlad\" \/>\n<meta property=\"article:publisher\" content=\"https:\/\/www.facebook.com\/kaminakeskus\/yoast\" \/>\n<meta property=\"article:published_time\" content=\"2023-06-16T09:47:48+00:00\" \/>\n<meta property=\"article:modified_time\" content=\"2023-12-05T15:01:09+00:00\" \/>\n<meta property=\"og:image\" content=\"https:\/\/www.kaminakeskus.ee\/wp-content\/uploads\/2023\/06\/malmkamin_plamen_alberto-103x150.png\" \/>\n<meta name=\"author\" content=\"Hannes Puu\" \/>\n<meta name=\"twitter:card\" content=\"summary_large_image\" \/>\n<meta name=\"twitter:label1\" content=\"\u041d\u0430\u043f\u0438\u0441\u0430\u043d\u043e \u0430\u0432\u0442\u043e\u0440\u043e\u043c\" \/>\n\t<meta name=\"twitter:data1\" content=\"Hannes Puu\" \/>\n<script type=\"application\/ld+json\" class=\"yoast-schema-graph\">{\"@context\":\"https:\\\/\\\/schema.org\",\"@graph\":[{\"@type\":\"Article\",\"@id\":\"https:\\\/\\\/www.kaminakeskus.ee\\\/ru\\\/malmkamin-plamen-alberto\\\/#article\",\"isPartOf\":{\"@id\":\"https:\\\/\\\/www.kaminakeskus.ee\\\/ru\\\/malmkamin-plamen-alberto\\\/\"},\"author\":{\"name\":\"Hannes Puu\",\"@id\":\"https:\\\/\\\/www.kaminakeskus.ee\\\/ru\\\/#\\\/schema\\\/person\\\/360e594b62899a19144add9c1b52223a\"},\"headline\":\"\u0427\u0443\u0433\u0443\u043d\u043d\u044b\u0439 \u043a\u0430\u043c\u0438\u043d Plamen Alberto\",\"datePublished\":\"2023-06-16T09:47:48+00:00\",\"dateModified\":\"2023-12-05T15:01:09+00:00\",\"mainEntityOfPage\":{\"@id\":\"https:\\\/\\\/www.kaminakeskus.ee\\\/ru\\\/malmkamin-plamen-alberto\\\/\"},\"wordCount\":36,\"publisher\":{\"@id\":\"https:\\\/\\\/www.kaminakeskus.ee\\\/ru\\\/#organization\"},\"image\":{\"@id\":\"https:\\\/\\\/www.kaminakeskus.ee\\\/ru\\\/malmkamin-plamen-alberto\\\/#primaryimage\"},\"thumbnailUrl\":\"https:\\\/\\\/www.kaminakeskus.ee\\\/wp-content\\\/uploads\\\/2023\\\/06\\\/malmkamin_plamen_alberto-103x150.png\",\"articleSection\":[\"\u041a\u0430\u043c\u0438\u043d\u044b\",\"\u041a\u0430\u043c\u0438\u043d\u044b\",\"\u041a\u0430\u043c\u0438\u043d\u044b Plamen\",\"\u0421\u043a\u0438\u0434\u043a\u0430\",\"\u0421\u043f\u0435\u0446\u0438\u0430\u043b\u044c\u043d\u044b\u0435 \u043f\u0440\u0435\u0434\u043b\u043e\u0436\u0435\u043d\u0438\u044f 1\"],\"inLanguage\":\"ru-RU\",\"copyrightYear\":\"2023\",\"copyrightHolder\":{\"@id\":\"https:\\\/\\\/www.kaminakeskus.ee\\\/#organization\"}},{\"@type\":\"WebPage\",\"@id\":\"https:\\\/\\\/www.kaminakeskus.ee\\\/ru\\\/malmkamin-plamen-alberto\\\/\",\"url\":\"https:\\\/\\\/www.kaminakeskus.ee\\\/ru\\\/malmkamin-plamen-alberto\\\/\",\"name\":\"\u0427\u0443\u0433\u0443\u043d\u043d\u044b\u0439 \u043a\u0430\u043c\u0438\u043d Plamen Alberto - Kaminakeskus | Kaminad, Ahjud, Pliidid, Saunaahjud, Korstnad, Katlad\",\"isPartOf\":{\"@id\":\"https:\\\/\\\/www.kaminakeskus.ee\\\/ru\\\/#website\"},\"primaryImageOfPage\":{\"@id\":\"https:\\\/\\\/www.kaminakeskus.ee\\\/ru\\\/malmkamin-plamen-alberto\\\/#primaryimage\"},\"image\":{\"@id\":\"https:\\\/\\\/www.kaminakeskus.ee\\\/ru\\\/malmkamin-plamen-alberto\\\/#primaryimage\"},\"thumbnailUrl\":\"https:\\\/\\\/www.kaminakeskus.ee\\\/wp-content\\\/uploads\\\/2023\\\/06\\\/malmkamin_plamen_alberto-103x150.png\",\"datePublished\":\"2023-06-16T09:47:48+00:00\",\"dateModified\":\"2023-12-05T15:01:09+00:00\",\"breadcrumb\":{\"@id\":\"https:\\\/\\\/www.kaminakeskus.ee\\\/ru\\\/malmkamin-plamen-alberto\\\/#breadcrumb\"},\"inLanguage\":\"ru-RU\",\"potentialAction\":[{\"@type\":\"ReadAction\",\"target\":[\"https:\\\/\\\/www.kaminakeskus.ee\\\/ru\\\/malmkamin-plamen-alberto\\\/\"]}]},{\"@type\":\"ImageObject\",\"inLanguage\":\"ru-RU\",\"@id\":\"https:\\\/\\\/www.kaminakeskus.ee\\\/ru\\\/malmkamin-plamen-alberto\\\/#primaryimage\",\"url\":\"https:\\\/\\\/www.kaminakeskus.ee\\\/wp-content\\\/uploads\\\/2023\\\/06\\\/malmkamin_plamen_alberto-103x150.png\",\"contentUrl\":\"https:\\\/\\\/www.kaminakeskus.ee\\\/wp-content\\\/uploads\\\/2023\\\/06\\\/malmkamin_plamen_alberto-103x150.png\"},{\"@type\":\"BreadcrumbList\",\"@id\":\"https:\\\/\\\/www.kaminakeskus.ee\\\/ru\\\/malmkamin-plamen-alberto\\\/#breadcrumb\",\"itemListElement\":[{\"@type\":\"ListItem\",\"position\":1,\"name\":\"Home\",\"item\":\"https:\\\/\\\/www.kaminakeskus.ee\\\/ru\\\/\"},{\"@type\":\"ListItem\",\"position\":2,\"name\":\"\u0427\u0443\u0433\u0443\u043d\u043d\u044b\u0439 \u043a\u0430\u043c\u0438\u043d Plamen Alberto\"}]},{\"@type\":\"WebSite\",\"@id\":\"https:\\\/\\\/www.kaminakeskus.ee\\\/ru\\\/#website\",\"url\":\"https:\\\/\\\/www.kaminakeskus.ee\\\/ru\\\/\",\"name\":\"Kaminakeskus | Kaminad, Ahjud, Pliidid, Saunaahjud, Korstnad, Korsten, Moodulkorsten, Katlad\",\"description\":\"Kamin Kaminad Ahi Ahjud Pliit Pliidid Korstnad Katlad\",\"publisher\":{\"@id\":\"https:\\\/\\\/www.kaminakeskus.ee\\\/ru\\\/#organization\"},\"potentialAction\":[{\"@type\":\"SearchAction\",\"target\":{\"@type\":\"EntryPoint\",\"urlTemplate\":\"https:\\\/\\\/www.kaminakeskus.ee\\\/ru\\\/?s={search_term_string}\"},\"query-input\":{\"@type\":\"PropertyValueSpecification\",\"valueRequired\":true,\"valueName\":\"search_term_string\"}}],\"inLanguage\":\"ru-RU\"},{\"@type\":[\"Organization\",\"Place\"],\"@id\":\"https:\\\/\\\/www.kaminakeskus.ee\\\/ru\\\/#organization\",\"name\":\"R\u00e4ndr\u00fc\u00fctel HP O\u00dc\",\"alternateName\":\"KaminaKeskus\",\"url\":\"https:\\\/\\\/www.kaminakeskus.ee\\\/\",\"logo\":{\"@type\":\"ImageObject\",\"inLanguage\":\"ru-RU\",\"@id\":\"https:\\\/\\\/www.kaminakeskus.ee\\\/ru\\\/#\\\/schema\\\/logo\\\/image\\\/\",\"url\":\"https:\\\/\\\/www.kaminakeskus.ee\\\/wp-content\\\/uploads\\\/2026\\\/02\\\/Kaminakeskus-logo-1-1.jpg\",\"contentUrl\":\"https:\\\/\\\/www.kaminakeskus.ee\\\/wp-content\\\/uploads\\\/2026\\\/02\\\/Kaminakeskus-logo-1-1.jpg\",\"width\":2068,\"height\":532,\"caption\":\"R\u00e4ndr\u00fc\u00fctel HP O\u00dc\"},\"image\":{\"@id\":\"https:\\\/\\\/www.kaminakeskus.ee\\\/ru\\\/#\\\/schema\\\/logo\\\/image\\\/\"},\"sameAs\":[\"https:\\\/\\\/www.facebook.com\\\/kaminakeskus\\\/yoast\"],\"description\":\"Sales of fireplaces, chimneys and related goods. Kaminate, ahjude, pliitide, korstnate ja nendega seotud toodete m\u00fc\u00fck.\",\"legalName\":\"R\u00e4ndr\u00fc\u00fctel HP O\u00dc\",\"foundingDate\":\"1997-05-13\",\"leiCode\":\"9845007FC4HB963C8D65\",\"numberOfEmployees\":{\"@type\":\"QuantitativeValue\",\"minValue\":\"1\",\"maxValue\":\"10\"},\"telephone\":[\"+372 5543239\",\"+372 58812360\"],\"contactPoint\":{\"@type\":\"ContactPoint\",\"telephone\":\"+372 5543239\",\"email\":\"kaminakeskus@gmail.com\"},\"email\":\"kaminakeskus@gmail.com\",\"vatID\":\"EE100831739\",\"taxID\":\"10208374\"},{\"@type\":\"Person\",\"@id\":\"https:\\\/\\\/www.kaminakeskus.ee\\\/ru\\\/#\\\/schema\\\/person\\\/360e594b62899a19144add9c1b52223a\",\"name\":\"Hannes Puu\",\"image\":{\"@type\":\"ImageObject\",\"inLanguage\":\"ru-RU\",\"@id\":\"https:\\\/\\\/secure.gravatar.com\\\/avatar\\\/b66148e304070f9a285de3d83f91b79224ed0f2b2026921db92893d72ecc95eb?s=96&d=mm&r=g\",\"url\":\"https:\\\/\\\/secure.gravatar.com\\\/avatar\\\/b66148e304070f9a285de3d83f91b79224ed0f2b2026921db92893d72ecc95eb?s=96&d=mm&r=g\",\"contentUrl\":\"https:\\\/\\\/secure.gravatar.com\\\/avatar\\\/b66148e304070f9a285de3d83f91b79224ed0f2b2026921db92893d72ecc95eb?s=96&d=mm&r=g\",\"caption\":\"Hannes Puu\"},\"sameAs\":[\"http:\\\/\\\/www.kaminakeskus.ee\"]}]}<\/script>\n<!-- \/ Yoast SEO Premium plugin. -->","yoast_head_json":{"title":"\u0427\u0443\u0433\u0443\u043d\u043d\u044b\u0439 \u043a\u0430\u043c\u0438\u043d Plamen Alberto - Kaminakeskus | Kaminad, Ahjud, Pliidid, Saunaahjud, Korstnad, Katlad","robots":{"index":"index","follow":"follow","max-snippet":"max-snippet:-1","max-image-preview":"max-image-preview:large","max-video-preview":"max-video-preview:-1"},"canonical":"https:\/\/www.kaminakeskus.ee\/ru\/malmkamin-plamen-alberto\/","og_locale":"ru_RU","og_type":"article","og_title":"\u0427\u0443\u0433\u0443\u043d\u043d\u044b\u0439 \u043a\u0430\u043c\u0438\u043d Plamen Alberto - Kaminakeskus | Kaminad, Ahjud, Pliidid, Saunaahjud, Korstnad, Katlad","og_description":"\u0410\u043b\u044c\u0431\u0435\u0440\u0442\u043e \u041c\u043e\u0449\u043d\u043e\u0441\u0442\u044c: 8,6-11 \u043a\u0412\u0442 \u0412\u044b\u0441\u043e\u0442\u0430: 829 \u043c\u043c \u0428\u0438\u0440\u0438\u043d\u0430: 630 \u043c\u043c [...]","og_url":"https:\/\/www.kaminakeskus.ee\/ru\/malmkamin-plamen-alberto\/","og_site_name":"Kaminakeskus | Kaminad, Ahjud, Pliidid, Saunaahjud, Korstnad, Katlad","article_publisher":"https:\/\/www.facebook.com\/kaminakeskus\/yoast","article_published_time":"2023-06-16T09:47:48+00:00","article_modified_time":"2023-12-05T15:01:09+00:00","og_image":[{"url":"https:\/\/www.kaminakeskus.ee\/wp-content\/uploads\/2023\/06\/malmkamin_plamen_alberto-103x150.png","type":"","width":"","height":""}],"author":"Hannes Puu","twitter_card":"summary_large_image","twitter_misc":{"\u041d\u0430\u043f\u0438\u0441\u0430\u043d\u043e \u0430\u0432\u0442\u043e\u0440\u043e\u043c":"Hannes Puu"},"schema":{"@context":"https:\/\/schema.org","@graph":[{"@type":"Article","@id":"https:\/\/www.kaminakeskus.ee\/ru\/malmkamin-plamen-alberto\/#article","isPartOf":{"@id":"https:\/\/www.kaminakeskus.ee\/ru\/malmkamin-plamen-alberto\/"},"author":{"name":"Hannes Puu","@id":"https:\/\/www.kaminakeskus.ee\/ru\/#\/schema\/person\/360e594b62899a19144add9c1b52223a"},"headline":"\u0427\u0443\u0433\u0443\u043d\u043d\u044b\u0439 \u043a\u0430\u043c\u0438\u043d Plamen Alberto","datePublished":"2023-06-16T09:47:48+00:00","dateModified":"2023-12-05T15:01:09+00:00","mainEntityOfPage":{"@id":"https:\/\/www.kaminakeskus.ee\/ru\/malmkamin-plamen-alberto\/"},"wordCount":36,"publisher":{"@id":"https:\/\/www.kaminakeskus.ee\/ru\/#organization"},"image":{"@id":"https:\/\/www.kaminakeskus.ee\/ru\/malmkamin-plamen-alberto\/#primaryimage"},"thumbnailUrl":"https:\/\/www.kaminakeskus.ee\/wp-content\/uploads\/2023\/06\/malmkamin_plamen_alberto-103x150.png","articleSection":["\u041a\u0430\u043c\u0438\u043d\u044b","\u041a\u0430\u043c\u0438\u043d\u044b","\u041a\u0430\u043c\u0438\u043d\u044b Plamen","\u0421\u043a\u0438\u0434\u043a\u0430","\u0421\u043f\u0435\u0446\u0438\u0430\u043b\u044c\u043d\u044b\u0435 \u043f\u0440\u0435\u0434\u043b\u043e\u0436\u0435\u043d\u0438\u044f 1"],"inLanguage":"ru-RU","copyrightYear":"2023","copyrightHolder":{"@id":"https:\/\/www.kaminakeskus.ee\/#organization"}},{"@type":"WebPage","@id":"https:\/\/www.kaminakeskus.ee\/ru\/malmkamin-plamen-alberto\/","url":"https:\/\/www.kaminakeskus.ee\/ru\/malmkamin-plamen-alberto\/","name":"\u0427\u0443\u0433\u0443\u043d\u043d\u044b\u0439 \u043a\u0430\u043c\u0438\u043d Plamen Alberto - Kaminakeskus | Kaminad, Ahjud, Pliidid, Saunaahjud, Korstnad, Katlad","isPartOf":{"@id":"https:\/\/www.kaminakeskus.ee\/ru\/#website"},"primaryImageOfPage":{"@id":"https:\/\/www.kaminakeskus.ee\/ru\/malmkamin-plamen-alberto\/#primaryimage"},"image":{"@id":"https:\/\/www.kaminakeskus.ee\/ru\/malmkamin-plamen-alberto\/#primaryimage"},"thumbnailUrl":"https:\/\/www.kaminakeskus.ee\/wp-content\/uploads\/2023\/06\/malmkamin_plamen_alberto-103x150.png","datePublished":"2023-06-16T09:47:48+00:00","dateModified":"2023-12-05T15:01:09+00:00","breadcrumb":{"@id":"https:\/\/www.kaminakeskus.ee\/ru\/malmkamin-plamen-alberto\/#breadcrumb"},"inLanguage":"ru-RU","potentialAction":[{"@type":"ReadAction","target":["https:\/\/www.kaminakeskus.ee\/ru\/malmkamin-plamen-alberto\/"]}]},{"@type":"ImageObject","inLanguage":"ru-RU","@id":"https:\/\/www.kaminakeskus.ee\/ru\/malmkamin-plamen-alberto\/#primaryimage","url":"https:\/\/www.kaminakeskus.ee\/wp-content\/uploads\/2023\/06\/malmkamin_plamen_alberto-103x150.png","contentUrl":"https:\/\/www.kaminakeskus.ee\/wp-content\/uploads\/2023\/06\/malmkamin_plamen_alberto-103x150.png"},{"@type":"BreadcrumbList","@id":"https:\/\/www.kaminakeskus.ee\/ru\/malmkamin-plamen-alberto\/#breadcrumb","itemListElement":[{"@type":"ListItem","position":1,"name":"Home","item":"https:\/\/www.kaminakeskus.ee\/ru\/"},{"@type":"ListItem","position":2,"name":"\u0427\u0443\u0433\u0443\u043d\u043d\u044b\u0439 \u043a\u0430\u043c\u0438\u043d Plamen Alberto"}]},{"@type":"WebSite","@id":"https:\/\/www.kaminakeskus.ee\/ru\/#website","url":"https:\/\/www.kaminakeskus.ee\/ru\/","name":"Kaminakeskus | Kaminad, Ahjud, Pliidid, Saunaahjud, Korstnad, Korsten, Moodulkorsten, Katlad","description":"Kamin Kaminad Ahi Ahjud Pliit Pliidid Korstnad Katlad","publisher":{"@id":"https:\/\/www.kaminakeskus.ee\/ru\/#organization"},"potentialAction":[{"@type":"SearchAction","target":{"@type":"EntryPoint","urlTemplate":"https:\/\/www.kaminakeskus.ee\/ru\/?s={search_term_string}"},"query-input":{"@type":"PropertyValueSpecification","valueRequired":true,"valueName":"search_term_string"}}],"inLanguage":"ru-RU"},{"@type":["Organization","Place"],"@id":"https:\/\/www.kaminakeskus.ee\/ru\/#organization","name":"R\u00e4ndr\u00fc\u00fctel HP O\u00dc","alternateName":"KaminaKeskus","url":"https:\/\/www.kaminakeskus.ee\/","logo":{"@type":"ImageObject","inLanguage":"ru-RU","@id":"https:\/\/www.kaminakeskus.ee\/ru\/#\/schema\/logo\/image\/","url":"https:\/\/www.kaminakeskus.ee\/wp-content\/uploads\/2026\/02\/Kaminakeskus-logo-1-1.jpg","contentUrl":"https:\/\/www.kaminakeskus.ee\/wp-content\/uploads\/2026\/02\/Kaminakeskus-logo-1-1.jpg","width":2068,"height":532,"caption":"R\u00e4ndr\u00fc\u00fctel HP O\u00dc"},"image":{"@id":"https:\/\/www.kaminakeskus.ee\/ru\/#\/schema\/logo\/image\/"},"sameAs":["https:\/\/www.facebook.com\/kaminakeskus\/yoast"],"description":"Sales of fireplaces, chimneys and related goods. Kaminate, ahjude, pliitide, korstnate ja nendega seotud toodete m\u00fc\u00fck.","legalName":"R\u00e4ndr\u00fc\u00fctel HP O\u00dc","foundingDate":"1997-05-13","leiCode":"9845007FC4HB963C8D65","numberOfEmployees":{"@type":"QuantitativeValue","minValue":"1","maxValue":"10"},"telephone":["+372 5543239","+372 58812360"],"contactPoint":{"@type":"ContactPoint","telephone":"+372 5543239","email":"kaminakeskus@gmail.com"},"email":"kaminakeskus@gmail.com","vatID":"EE100831739","taxID":"10208374"},{"@type":"Person","@id":"https:\/\/www.kaminakeskus.ee\/ru\/#\/schema\/person\/360e594b62899a19144add9c1b52223a","name":"Hannes Puu","image":{"@type":"ImageObject","inLanguage":"ru-RU","@id":"https:\/\/secure.gravatar.com\/avatar\/b66148e304070f9a285de3d83f91b79224ed0f2b2026921db92893d72ecc95eb?s=96&d=mm&r=g","url":"https:\/\/secure.gravatar.com\/avatar\/b66148e304070f9a285de3d83f91b79224ed0f2b2026921db92893d72ecc95eb?s=96&d=mm&r=g","contentUrl":"https:\/\/secure.gravatar.com\/avatar\/b66148e304070f9a285de3d83f91b79224ed0f2b2026921db92893d72ecc95eb?s=96&d=mm&r=g","caption":"Hannes Puu"},"sameAs":["http:\/\/www.kaminakeskus.ee"]}]}},"_links":{"self":[{"href":"https:\/\/www.kaminakeskus.ee\/ru\/wp-json\/wp\/v2\/posts\/68504","targetHints":{"allow":["GET"]}}],"collection":[{"href":"https:\/\/www.kaminakeskus.ee\/ru\/wp-json\/wp\/v2\/posts"}],"about":[{"href":"https:\/\/www.kaminakeskus.ee\/ru\/wp-json\/wp\/v2\/types\/post"}],"author":[{"embeddable":true,"href":"https:\/\/www.kaminakeskus.ee\/ru\/wp-json\/wp\/v2\/users\/3"}],"replies":[{"embeddable":true,"href":"https:\/\/www.kaminakeskus.ee\/ru\/wp-json\/wp\/v2\/comments?post=68504"}],"version-history":[{"count":2,"href":"https:\/\/www.kaminakeskus.ee\/ru\/wp-json\/wp\/v2\/posts\/68504\/revisions"}],"predecessor-version":[{"id":72312,"href":"https:\/\/www.kaminakeskus.ee\/ru\/wp-json\/wp\/v2\/posts\/68504\/revisions\/72312"}],"wp:attachment":[{"href":"https:\/\/www.kaminakeskus.ee\/ru\/wp-json\/wp\/v2\/media?parent=68504"}],"wp:term":[{"taxonomy":"category","embeddable":true,"href":"https:\/\/www.kaminakeskus.ee\/ru\/wp-json\/wp\/v2\/categories?post=68504"},{"taxonomy":"post_tag","embeddable":true,"href":"https:\/\/www.kaminakeskus.ee\/ru\/wp-json\/wp\/v2\/tags?post=68504"}],"curies":[{"name":"wp","href":"https:\/\/api.w.org\/{rel}","templated":true}]}}